{"id":28950,"date":"2018-06-23T13:14:55","date_gmt":"2018-06-23T16:14:55","guid":{"rendered":"https:\/\/www.actualidadadiario.com\/?p=28950"},"modified":"2018-11-06T19:43:26","modified_gmt":"2018-11-06T22:43:26","slug":"el-gobierno-ya-entrego-10-nuevas-ambulancias-de-las-20-compradas","status":"publish","type":"post","link":"https:\/\/www.actualidadadiario.com\/index.php\/2018\/06\/23\/el-gobierno-ya-entrego-10-nuevas-ambulancias-de-las-20-compradas\/","title":{"rendered":"El gobierno ya entreg\u00f3 10 nuevas ambulancias de las 20 compradas"},"content":{"rendered":"<p><em><strong>Un total de 10 hospitales entrerrianos ya recibieron las ambulancias que compr\u00f3 el gobierno de Entre R\u00edos con recursos propios y cuya inversi\u00f3n por 20 unidades fue cercana a los 40 millones de pesos<\/strong><\/em><\/p>\n<p>&nbsp;<\/p>\n<p>&nbsp;<\/p>\n<p>&nbsp;<\/p>\n<p>\u201cAdministrando con mucha responsabilidad los fondos p\u00fablicos, resignando el gasto pol\u00edtico y priorizando los servicios esenciales, pudimos disponer la compra de 20 ambulancias que se suman a las 20 que ya adquirimos con financiamiento propio\u201d, destac\u00f3 oportunamente el gobernador Gustavo Bordet.<\/p>\n<p>&nbsp;<\/p>\n<p>El Estado provincial adquiri\u00f3 a trav\u00e9s de licitaci\u00f3n p\u00fablica, 20 unidades de alta y mediana complejidad y continuar\u00e1 con la entrega gradual de la otra mitad a partir del mes de julio.<\/p>\n<p>&nbsp;<\/p>\n<p>Con el acto efectuado en el departamento Islas del Ibicuy, el gobernador Gustavo Bordet y la ministra de Salud, Sonia Vel\u00e1zquez, cumplimentaron la entrega del 50 por ciento de las ambulancias de mediana y alta complejidad que la provincia adquiri\u00f3 con recursos genuinos por 39.051.200 millones de pesos.<\/p>\n<p>&nbsp;<\/p>\n<p>All\u00ed, en el sur de la provincia el primer mandatario entrerriano, quien tambi\u00e9n fuera ministro de Salud y Acci\u00f3n Social, reconoci\u00f3 la tarea sanitaria de la regi\u00f3n y agradeci\u00f3 \u201ca los directores, al personal m\u00e9dico, enfermeras, choferes y de atenci\u00f3n primaria el compromiso asumido en el trabajo de todos los d\u00edas\u201d.<\/p>\n<p>&nbsp;<\/p>\n<p>Por su parte la ministra Vel\u00e1zquez afirm\u00f3: \u201cEl gobernador no dud\u00f3 en planificar la entrega de unidades de terapia intensiva m\u00f3vil para los hospitales Behring deHolt Ibicuy y Eva Duarte de Ceibas\u201d. En este sentido, resalt\u00f3 que la adquisici\u00f3n de las ambulancias parte de \u201cuna necesidad muy sentida de la comunidad que desde la gesti\u00f3n tomamos como propia traduci\u00e9ndola en respuestas concretas que permiten una mejora en los servicios y la calidad de atenci\u00f3n\u201d.<\/p>\n<p>&nbsp;<\/p>\n<p>La titular de la cartera sanitaria explicit\u00f3 que las ambulancias de mediana complejidad \u201ccumplimentan normas espec\u00edficas de alta calidad, equipamiento y tecnolog\u00eda en el marco de lo que dispone la emergentolog\u00eda para la atenci\u00f3n de la ciudadan\u00eda\u201d. Asimismo el Ministerio de Salud pondr\u00e1 a disposici\u00f3n de los choferes \u201cla capacitaci\u00f3n pertinente para el uso b\u00e1sico de las unidades\u201d.<\/p>\n<p>&nbsp;<\/p>\n<p>Durante el acto, la diputada Mar\u00eda del Carmen Toller (Frente Justicialista Somos Entre R\u00edos &#8211; FJSER), se\u00f1al\u00f3 que se trata de la primera entrega de unidades de traslado que se efect\u00faa en muchos a\u00f1os \u201ccon recursos provinciales\u201d y en ese sentido destac\u00f3: \u201cLos hospitales departamentales como centro de derivaci\u00f3n permanente requieren de ambulancias completas, modernas y \u00e1giles\u201d. En la oportunidad tambi\u00e9n estuvieron presentes los senadores Daniel Olano (Frente Para la Victoria) y los diputados Juan Jos\u00e9 Bahillo (FJSER) y Mart\u00edn Anguiano (Cambiemos)<\/p>\n<p>&nbsp;<\/p>\n<p>Cabe citar que en ceremonias anteriores ya se entregaron unidades a los hospitales San Mart\u00edn (Paran\u00e1); Ferm\u00edn Salaberry (Victoria); San Benjam\u00edn (Col\u00f3n); San Jos\u00e9 (Federaci\u00f3n); Santa Rosa (Chajar\u00ed); San Jos\u00e9 (Diamante); Centenario (Gualeguaych\u00fa) y Francisco Castaldo (Mar\u00eda Grande).<\/p>\n<p>&nbsp;<\/p>\n<p>&nbsp;<\/p>\n<p><strong>Caracter\u00edsticas<\/strong><\/p>\n<p>Las entregadas son ambulancias tipo furg\u00f3n integral marca Ford en su versi\u00f3n Transit con techo elevado, port\u00f3n corredizo lateral y dos puertas traseras tipo libro con vidrios de fabricaci\u00f3n en serie y est\u00e1n equipadas con tecnolog\u00eda de punta.<\/p>\n<p>&nbsp;<\/p>\n<p>Sus caracter\u00edsticas principales son: motor turbo diesel de 2,2 litros y 125 CV de potencia con aire acondicionado, sistema de seguridad ABS, control de estabilidad y de tracci\u00f3n.<\/p>\n<p>&nbsp;<\/p>\n<p>Las unidades, equipadas como una terapia intensiva m\u00f3vil, cuentan con: camilla de aluminio con patas rebatibles; silla de ruedas plegable; panel central y cuatro tubos de ox\u00edgeno. Tambi\u00e9n posee equipamiento m\u00e9dico como tablas y chalecos de inmovilizaci\u00f3n; set de collares; f\u00e9rulas inflables; unidad de succi\u00f3n port\u00e1til el\u00e9ctrica; tensi\u00f3metros port\u00e1tiles y cardiodesfibrilador.<\/p>\n","protected":false},"excerpt":{"rendered":"<p>Un total de 10 hospitales entrerrianos ya recibieron las ambulancias que compr\u00f3 el gobierno de Entre R\u00edos con recursos propios y cuya inversi\u00f3n por 20 unidades fue cercana a los 40 millones de pesos &nbsp; &nbsp; &nbsp; \u201cAdministrando con mucha responsabilidad los fondos p\u00fablicos, resignando el gasto pol\u00edtico y priorizando los servicios esenciales, pudimos disponer la compra de 20 ambulancias que se suman a las 20 que ya adquirimos con financiamiento propio\u201d, destac\u00f3 oportunamente el gobernador Gustavo Bordet. &nbsp; El Estado provincial adquiri\u00f3 a trav\u00e9s de licitaci\u00f3n p\u00fablica, 20 unidades&#8230;<\/p>\n","protected":false},"author":3,"featured_media":28951,"comment_status":"closed","ping_status":"closed","sticky":false,"template":"","format":"standard","meta":[],"categories":[15],"tags":[],"_links":{"self":[{"href":"https:\/\/www.actualidadadiario.com\/index.php\/wp-json\/wp\/v2\/posts\/28950"}],"collection":[{"href":"https:\/\/www.actualidadadiario.com\/index.php\/wp-json\/wp\/v2\/posts"}],"about":[{"href":"https:\/\/www.actualidadadiario.com\/index.php\/wp-json\/wp\/v2\/types\/post"}],"author":[{"embeddable":true,"href":"https:\/\/www.actualidadadiario.com\/index.php\/wp-json\/wp\/v2\/users\/3"}],"replies":[{"embeddable":true,"href":"https:\/\/www.actualidadadiario.com\/index.php\/wp-json\/wp\/v2\/comments?post=28950"}],"version-history":[{"count":1,"href":"https:\/\/www.actualidadadiario.com\/index.php\/wp-json\/wp\/v2\/posts\/28950\/revisions"}],"predecessor-version":[{"id":28952,"href":"https:\/\/www.actualidadadiario.com\/index.php\/wp-json\/wp\/v2\/posts\/28950\/revisions\/28952"}],"wp:featuredmedia":[{"embeddable":true,"href":"https:\/\/www.actualidadadiario.com\/index.php\/wp-json\/wp\/v2\/media\/28951"}],"wp:attachment":[{"href":"https:\/\/www.actualidadadiario.com\/index.php\/wp-json\/wp\/v2\/media?parent=28950"}],"wp:term":[{"taxonomy":"category","embeddable":true,"href":"https:\/\/www.actualidadadiario.com\/index.php\/wp-json\/wp\/v2\/categories?post=28950"},{"taxonomy":"post_tag","embeddable":true,"href":"https:\/\/www.actualidadadiario.com\/index.php\/wp-json\/wp\/v2\/tags?post=28950"}],"curies":[{"name":"wp","href":"https:\/\/api.w.org\/{rel}","templated":true}]}}