{"id":28940,"date":"2018-06-22T10:46:58","date_gmt":"2018-06-22T13:46:58","guid":{"rendered":"https:\/\/www.actualidadadiario.com\/?p=28940"},"modified":"2018-11-06T19:43:26","modified_gmt":"2018-11-06T22:43:26","slug":"la-defensa-de-lula-pide-prision-domiciliaria-en-caso-de-que-el-tribunal-supremo-rechace-su-libertad","status":"publish","type":"post","link":"https:\/\/www.actualidadadiario.com\/index.php\/2018\/06\/22\/la-defensa-de-lula-pide-prision-domiciliaria-en-caso-de-que-el-tribunal-supremo-rechace-su-libertad\/","title":{"rendered":"La defensa de Lula pide prisi\u00f3n domiciliaria en caso de que el Tribunal Supremo rechace su libertad"},"content":{"rendered":"<p><em><strong>La defensa del ex presidente Luiz In\u00e1cio Lula da Silva, que cumple desde abril una condena a 12 a\u00f1os de prisi\u00f3n por corrupci\u00f3n, le pidi\u00f3 este jueves a la Corte Suprema que, en caso de que no lo libere el martes, cuando juzgar\u00e1 un nuevo recurso del ex mandatario, por lo menos le conceda la prisi\u00f3n domiciliaria<\/strong><\/em><\/p>\n<p>&nbsp;<\/p>\n<p>&nbsp;<\/p>\n<p>&nbsp;<\/p>\n<p>&nbsp;<\/p>\n<p>La petici\u00f3n fue hecha en un documento entregado este jueves al Supremo Tribunal Federal (STF) y en el que los abogados refuerzan la petici\u00f3n inicial que hicieron para que la m\u00e1xima corte suspende la condena contra Lula y emita un mandato de soltura.<\/p>\n<p>&nbsp;<\/p>\n<p>Los abogados afirmaron en su petici\u00f3n que, en caso de que la Corte rechace el recurso en que solicitan la liberaci\u00f3n del ex jefe de Estado, por los menos le ofrezcan otras medidas cautelares, como la posibilidad de que cumpla la pena en prisi\u00f3n domiciliaria.<\/p>\n<p>&nbsp;<\/p>\n<p>La petici\u00f3n fue hecha dos d\u00edas despu\u00e9s de que el presidente de la Segunda Sala del Supremo, el magistrado Ricardo Lewandowski, programara para el pr\u00f3ximo martes la fecha del juicio en que la Corte analizar\u00e1 el nuevo recurso presentado por los abogados del ex mandatario, encarcelado desde el 7 de abril para cumplir su condena por corrupci\u00f3n pasiva y lavado de dinero.<\/p>\n<p>&nbsp;<\/p>\n<p>En caso de que tres de los cinco magistrados que integran la Segunda Sala del Supremo acepten el pedido, el ex jefe de Estado, que gobern\u00f3 Brasil entre 2003 y 2010 y a\u00fan pretende presentarse a las elecciones de octubre, podr\u00eda responder en libertad hasta agotar todas las apelaciones en las distintas instancias judiciales.<\/p>\n<p>&nbsp;<\/p>\n<p>Lula fue condenado el a\u00f1o pasado a nueve a\u00f1os y seis meses de prisi\u00f3n por un juez de primera instancia, que le hall\u00f3 de culpable de beneficiarse de las corruptelas en la petrolera estatal Petrobras, pero esa pena fue ratificada y ampliada hasta los 12 a\u00f1os y un mes por un tribunal de apelaci\u00f3n.<\/p>\n<p>&nbsp;<\/p>\n<p>El mismo tribunal determin\u00f3 su ingreso inmediato en prisi\u00f3n una vez que se hab\u00edan agotado todos los recursos posibles en segunda instancia, de acuerdo a la jurisprudencia de la Corte Suprema.<\/p>\n<p>&nbsp;<\/p>\n<p>En el nuevo recurso en el que piden que Lula pueda esperar en libertad a que los tribunales superiores se pronuncien definitivamente sobre su condena, la defensa alega que la decisi\u00f3n es urgente debido a que el ex mandatario aspira a disputar las elecciones presidenciales de octubre pr\u00f3ximo y a que el encarcelamiento le priva de sus derechos pol\u00edticos.<\/p>\n<p>&nbsp;<\/p>\n<p>Desde su ingreso en prisi\u00f3n, el pasado 7 de abril, la defensa del antiguo dirigente sindical ha intentado sin \u00e9xito m\u00faltiples recursos en el Tribunal Superior de Justicia (STJ) y la Corte Suprema para sacarlo de la celda de la sede policial en la sure\u00f1a ciudad de Curitiba en la que cumple la condena.<\/p>\n<p>&nbsp;<\/p>\n<p>En mayo pasado, la misma Segunda Sala del Supremo rechaz\u00f3 en una sesi\u00f3n virtual un pedido similar de los defensores del ex jefe de Estado, que lidera todas las encuestas de intenci\u00f3n de voto para las presidenciales de octubre.<\/p>\n<p>&nbsp;<\/p>\n<p>Sin embargo, su candidatura est\u00e1 virtualmente anulada, pues la legislaci\u00f3n brasile\u00f1a impide que condenados en segunda instancia, como es su caso, puedan presentarse a cargos electivos.<\/p>\n","protected":false},"excerpt":{"rendered":"<p>La defensa del ex presidente Luiz In\u00e1cio Lula da Silva, que cumple desde abril una condena a 12 a\u00f1os de prisi\u00f3n por corrupci\u00f3n, le pidi\u00f3 este jueves a la Corte Suprema que, en caso de que no lo libere el martes, cuando juzgar\u00e1 un nuevo recurso del ex mandatario, por lo menos le conceda la prisi\u00f3n domiciliaria &nbsp; &nbsp; &nbsp; &nbsp; La petici\u00f3n fue hecha en un documento entregado este jueves al Supremo Tribunal Federal (STF) y en el que los abogados refuerzan la petici\u00f3n inicial que hicieron para que&#8230;<\/p>\n","protected":false},"author":3,"featured_media":28941,"comment_status":"closed","ping_status":"closed","sticky":false,"template":"","format":"standard","meta":[],"categories":[4],"tags":[],"_links":{"self":[{"href":"https:\/\/www.actualidadadiario.com\/index.php\/wp-json\/wp\/v2\/posts\/28940"}],"collection":[{"href":"https:\/\/www.actualidadadiario.com\/index.php\/wp-json\/wp\/v2\/posts"}],"about":[{"href":"https:\/\/www.actualidadadiario.com\/index.php\/wp-json\/wp\/v2\/types\/post"}],"author":[{"embeddable":true,"href":"https:\/\/www.actualidadadiario.com\/index.php\/wp-json\/wp\/v2\/users\/3"}],"replies":[{"embeddable":true,"href":"https:\/\/www.actualidadadiario.com\/index.php\/wp-json\/wp\/v2\/comments?post=28940"}],"version-history":[{"count":2,"href":"https:\/\/www.actualidadadiario.com\/index.php\/wp-json\/wp\/v2\/posts\/28940\/revisions"}],"predecessor-version":[{"id":28943,"href":"https:\/\/www.actualidadadiario.com\/index.php\/wp-json\/wp\/v2\/posts\/28940\/revisions\/28943"}],"wp:featuredmedia":[{"embeddable":true,"href":"https:\/\/www.actualidadadiario.com\/index.php\/wp-json\/wp\/v2\/media\/28941"}],"wp:attachment":[{"href":"https:\/\/www.actualidadadiario.com\/index.php\/wp-json\/wp\/v2\/media?parent=28940"}],"wp:term":[{"taxonomy":"category","embeddable":true,"href":"https:\/\/www.actualidadadiario.com\/index.php\/wp-json\/wp\/v2\/categories?post=28940"},{"taxonomy":"post_tag","embeddable":true,"href":"https:\/\/www.actualidadadiario.com\/index.php\/wp-json\/wp\/v2\/tags?post=28940"}],"curies":[{"name":"wp","href":"https:\/\/api.w.org\/{rel}","templated":true}]}}