{"id":2894,"date":"2016-10-19T09:27:19","date_gmt":"2016-10-19T12:27:19","guid":{"rendered":"http:\/\/actualidadadiario.com\/site\/?p=2894"},"modified":"2016-10-19T09:27:19","modified_gmt":"2016-10-19T12:27:19","slug":"bordet-pidio-prioridades-a-sus-senadores-por-la-ley-de-presupuesto-y-promocion-foresto-industrial","status":"publish","type":"post","link":"https:\/\/www.actualidadadiario.com\/index.php\/2016\/10\/19\/bordet-pidio-prioridades-a-sus-senadores-por-la-ley-de-presupuesto-y-promocion-foresto-industrial\/","title":{"rendered":"Bordet pidi\u00f3 prioridades a sus senadores por la ley de presupuesto y promoci\u00f3n foresto industrial"},"content":{"rendered":"<p><em><strong>Para tratar distintos temas que hacen a la agenda legislativa, el gobernador Gustavo Bordet mantuvo este lunes una reuni\u00f3n de trabajo con el bloque de senadores del Frente Justicialista para la Victoria (FJV). El tratamiento del proyecto de ley de Presupuesto 2017 y la necesidad de contar con una ley de promoci\u00f3n para la foresto industria fueron puntos prioritarios abordados en el encuentro<\/strong><\/em><\/p>\n<p>&nbsp;<\/p>\n<p>&nbsp;<\/p>\n<p>&nbsp;<\/p>\n<p>&nbsp;<\/p>\n<p>&nbsp;<\/p>\n<p>Tambi\u00e9n se se\u00f1al\u00f3 que en los primeros d\u00edas de noviembre se har\u00e1 la primera emisi\u00f3n de bonos y la segunda emisi\u00f3n durante los primeros meses del a\u00f1o pr\u00f3ximo.<\/p>\n<p>Cabe recordar que el gobierno solicit\u00f3, como la mayor\u00eda de las provincias argentinas, la posibilidad de acceder a un cr\u00e9dito internacional con la emisi\u00f3n de un t\u00edtulo que permita la consolidaci\u00f3n de deudas y posibilite trabajar con una previsibilidad financiera. El endeudamiento tiene como base la obra p\u00fablica.<\/p>\n<p>El 16 % ser\u00e1 distribuido en los 75 municipios, de acuerdo al sistema de \u00edndices de coparticipaci\u00f3n. La autorizaci\u00f3n que tenemos es de 250 millones de d\u00f3lares y tenemos prevista una salida para el a\u00f1o que viene, tambi\u00e9n del mismo orden de 250 millones de d\u00f3lares\u201d.<\/p>\n<p>El presidente del bloque, \u00c1ngel Giano, coment\u00f3 que \u201cfue una reuni\u00f3n habitual que solemos tener con el gobernador para interiorizarnos sobre distintos temas. El gobernador nos coment\u00f3 en detalle en qu\u00e9 consiste la Ley de Presupuesto que nos fue presentada por la ma\u00f1ana a los presidente de todos los bloques legislativos. Tambi\u00e9n nos habl\u00f3 de la necesidad de contar con una nueva ley que contenga un plan de desarrollo foresto industrial\u201d.<\/p>\n<p>Asimismo, indic\u00f3 que \u201canalizamos la relaci\u00f3n con el gobierno nacional y los municipios; y los programas del gobierno nacional, como el Plan H\u00e1bitat y la ejecuci\u00f3n de la obra p\u00fablica\u201d. Por otro lado, dijo que \u201ccada uno de los senadores le plantemos la realidad local de los nueve departamentos\u201d.<\/p>\n<p>Para el gobernador, subray\u00f3 Giano, \u201clo importante es tener una gesti\u00f3n equilibrada, ordenada, que se pueda tener previsibilidad en el largo plazo, pero tambi\u00e9n mes a mes\u201d.<\/p>\n<p>Subray\u00f3 que el mandatario \u201cnos pidi\u00f3 que nos involucremos fuertemente en el presupuesto, que trabajemos en forma bicameral con todos los bloques de la C\u00e1mara de Diputados y Senadores, al igual que con la Ley de la Madera; que se pueda discutir\u201d.<\/p>\n<p>En ese sentido, consider\u00f3 \u201cimportante que cada senador analice el presupuesto, lo pueda comparar con el resto de los departamentos, pero tambi\u00e9n analizar los pedidos que cada uno tenemos de nuestros intendentes y juntas de gobierno. Y poder trabajarlo en Diputados, para lo cual el martes de la semana que viene tendremos la primer reuni\u00f3n bicameral\u201d.<\/p>\n<p>\u201cLa idea es que podamos hacer los aportes ah\u00ed para que se apruebe en Diputados y despu\u00e9s no haya ning\u00fan inconveniente en Senadores para su aprobaci\u00f3n y se pueda contar con una norma trascendente como es la Ley de Presupuesto 2017\u201d, finaliz\u00f3.<\/p>\n<p>Finalmente, dijo Giano que el gobernador \u201cnos cont\u00f3 que a nivel nacional el Presupuesto se est\u00e1 tratando en la C\u00e1mara de Diputados de la Naci\u00f3n pero que los senadores est\u00e1n haciendo los aportes ah\u00ed tambi\u00e9n para que cuando se pueda tener el proyecto definitivo se sancione r\u00e1pidamente en ambas c\u00e1maras. Es decir, quiere evitar que se discuta una vez en Diputados y despu\u00e9s se vuelva a discutir en el Senado\u201d, coment\u00f3.<\/p>\n","protected":false},"excerpt":{"rendered":"<p>Para tratar distintos temas que hacen a la agenda legislativa, el gobernador Gustavo Bordet mantuvo este lunes una reuni\u00f3n de trabajo con el bloque de senadores del Frente Justicialista para la Victoria (FJV). El tratamiento del proyecto de ley de Presupuesto 2017 y la necesidad de contar con una ley de promoci\u00f3n para la foresto industria fueron puntos prioritarios abordados en el encuentro &nbsp; &nbsp; &nbsp; &nbsp; &nbsp; Tambi\u00e9n se se\u00f1al\u00f3 que en los primeros d\u00edas de noviembre se har\u00e1 la primera emisi\u00f3n de bonos y la segunda emisi\u00f3n durante&#8230;<\/p>\n","protected":false},"author":3,"featured_media":2895,"comment_status":"closed","ping_status":"closed","sticky":false,"template":"","format":"standard","meta":[],"categories":[15],"tags":[],"_links":{"self":[{"href":"https:\/\/www.actualidadadiario.com\/index.php\/wp-json\/wp\/v2\/posts\/2894"}],"collection":[{"href":"https:\/\/www.actualidadadiario.com\/index.php\/wp-json\/wp\/v2\/posts"}],"about":[{"href":"https:\/\/www.actualidadadiario.com\/index.php\/wp-json\/wp\/v2\/types\/post"}],"author":[{"embeddable":true,"href":"https:\/\/www.actualidadadiario.com\/index.php\/wp-json\/wp\/v2\/users\/3"}],"replies":[{"embeddable":true,"href":"https:\/\/www.actualidadadiario.com\/index.php\/wp-json\/wp\/v2\/comments?post=2894"}],"version-history":[{"count":1,"href":"https:\/\/www.actualidadadiario.com\/index.php\/wp-json\/wp\/v2\/posts\/2894\/revisions"}],"predecessor-version":[{"id":2896,"href":"https:\/\/www.actualidadadiario.com\/index.php\/wp-json\/wp\/v2\/posts\/2894\/revisions\/2896"}],"wp:featuredmedia":[{"embeddable":true,"href":"https:\/\/www.actualidadadiario.com\/index.php\/wp-json\/wp\/v2\/media\/2895"}],"wp:attachment":[{"href":"https:\/\/www.actualidadadiario.com\/index.php\/wp-json\/wp\/v2\/media?parent=2894"}],"wp:term":[{"taxonomy":"category","embeddable":true,"href":"https:\/\/www.actualidadadiario.com\/index.php\/wp-json\/wp\/v2\/categories?post=2894"},{"taxonomy":"post_tag","embeddable":true,"href":"https:\/\/www.actualidadadiario.com\/index.php\/wp-json\/wp\/v2\/tags?post=2894"}],"curies":[{"name":"wp","href":"https:\/\/api.w.org\/{rel}","templated":true}]}}