{"id":28937,"date":"2018-06-22T10:46:17","date_gmt":"2018-06-22T13:46:17","guid":{"rendered":"https:\/\/www.actualidadadiario.com\/?p=28937"},"modified":"2018-11-06T19:43:26","modified_gmt":"2018-11-06T22:43:26","slug":"habrian-hallado-los-cuerpos-de-los-ecuatorianos-secuestrados-en-colombia","status":"publish","type":"post","link":"https:\/\/www.actualidadadiario.com\/index.php\/2018\/06\/22\/habrian-hallado-los-cuerpos-de-los-ecuatorianos-secuestrados-en-colombia\/","title":{"rendered":"Habr\u00edan hallado los cuerpos de los ecuatorianos secuestrados en Colombia"},"content":{"rendered":"<p><em><strong>El presidente de Colombia, Juan Manuel Santos, inform\u00f3 del hallazgo de cad\u00e1veres que &#8220;pueden corresponder&#8221; a los tres periodistas del diario &#8220;El Comercio&#8221;<\/strong><\/em><\/p>\n<p>&nbsp;<\/p>\n<p>&nbsp;<\/p>\n<p>&nbsp;<\/p>\n<p>&nbsp;<\/p>\n<p>Cuatro cad\u00e1veres fueron hallados en el sur de Colombia, tres de los cuales corresponder\u00edan a los del equipo de prensa del diario &#8220;El Comercio&#8221; de Quito asesinado en cautiverio por rebeldes disidentes de las FARC en la frontera.<\/p>\n<p>&nbsp;<\/p>\n<p>El ministerio de Defensa anunci\u00f3 por Twitter el hallazgo que podr\u00eda terminar con casi tres meses de incertidumbre: <em>&#8220;Ya son cuatro los cad\u00e1veres recuperados en el sur del pa\u00eds y est\u00e1 en verificaci\u00f3n de su identidad. Proceso forense terminar\u00e1 ma\u00f1ana (viernes) en Cali&#8221;,<\/em> dijo el ministro Luis Carlos Villegas citado por el organismo.<\/p>\n<p>&nbsp;<\/p>\n<p>Autoridades ecuatorianas y parientes del periodista Javier Ortega (32 a\u00f1os), el fot\u00f3grafo Pa\u00fal Rivas (45) y el conductor Efra\u00edn Segarra (60) viajen a Colombia este viernes para la identificaci\u00f3n. <em>&#8220;Han solicitado que para esa diligencia est\u00e9n presentes dos familiares directos de los se\u00f1ores periodistas a efecto de tomar las muestras de fluidos corporales y proceder a realizar las experticias de laboratorio que se presume durar\u00e1n entre 24 y 48 horas&#8221;<\/em>, se\u00f1al\u00f3 el fiscal ecuatoriano Wilson Toainga en una rueda de prensa en Quito.<\/p>\n<p>&nbsp;<\/p>\n<p>El presidente colombiano Juan Manuel Santos afirm\u00f3 que los cuerpos ubicados por la polic\u00eda podr\u00edan ser los del equipo period\u00edstico<em>. &#8220;Me informan que encontramos unos cad\u00e1veres que pueden corresponder a los de los 3 periodistas secuestrados y asesinados por alias Guacho. Estamos verificando su identidad&#8221;<\/em>, afirm\u00f3 Santos en su cuenta de Twitter. <em>&#8220;Reitero \u00a0mis condolencias a sus familias y repudio por tan atroz crimen&#8221;.<\/em><\/p>\n<p>&nbsp;<\/p>\n<p>En tanto, el Comit\u00e9 Internacional de la Cruz Roja (CICR), que en su momento debi\u00f3 interrumpir sus gestiones para recuperar los cuerpos por la negativa de los captores a entregarlos ante la presi\u00f3n militar, entr\u00f3 en contacto con los familiares de las v\u00edctimas. <em>\u201cHemos informado a los familiares de los tres ciudadanos ecuatorianos y estaremos acompa\u00f1\u00e1ndolos durante este proceso. Lamentamos profundamente su p\u00e9rdida y expresamos nuestras condolencias&#8221;, <\/em>indic\u00f3 el organismo humanitario en Twitter.<\/p>\n<p>&nbsp;<\/p>\n<p>El equipo de prensa fue secuestrado por el grupo que dirige el exguerrillero Walther Arizala, alias &#8220;Guacho&#8221;, cuando realizaban un reportaje en la frontera el 26 de marzo. Los tres fueron llevados al lado colombiano donde fueron asesinados en cautiverio, seg\u00fan anunci\u00f3 el gobierno ecuatoriano el 13 de abril, tras la divulgaci\u00f3n de las fotograf\u00edas de los rehenes encadenados y ejecutados a balazos. Los disidentes pretend\u00edan la excarcelaci\u00f3n de unos presos en Ecuador a cambio de la liberaci\u00f3n de los tres rehenes.<\/p>\n<p>&nbsp;<\/p>\n<p>Arizala, un ex mando medio de la ya disuelta guerrilla FARC, se apart\u00f3 del acuerdo de paz que condujo al desarme de unos 7.000 combatientes de ese grupo en 2017. De origen ecuatoriano, es acusado por el ej\u00e9rcito colombiano de operar como brazo armado del cartel mexicano de Sinaloa, y de tener tambi\u00e9n secuestrados a los ecuatorianos \u00d3scar Villac\u00eds (24) y su compa\u00f1era Katty Velasco (20).<\/p>\n<p>&nbsp;<\/p>\n<p>Arizala se disputa con otras bandas el control del narcotr\u00e1fico en Tumaco, una empobrecida localidad del departamento de Nari\u00f1o, fronteriza con Ecuador, donde se concentra la mayor cantidad de narcocultivos en Colombia, informa El Comercio. A principios de a\u00f1o el disidente y sus hombres desataron una inusual ofensiva en territorio ecuatoriano que ya deja siete muertos, cuatro militares y los tres trabajadores del diario El Comercio. Sin un mando unificado, los disidentes est\u00e1n inmersos en el tr\u00e1fico de coca\u00edna hacia Estados Unidos, a trav\u00e9s de la ruta del Pac\u00edfico, as\u00ed como en la explotaci\u00f3n ilegal de madera y oro, entre otros. Las autoridades calculan que esos grupos cuentan con unos 1.200 miembros.<\/p>\n","protected":false},"excerpt":{"rendered":"<p>El presidente de Colombia, Juan Manuel Santos, inform\u00f3 del hallazgo de cad\u00e1veres que &#8220;pueden corresponder&#8221; a los tres periodistas del diario &#8220;El Comercio&#8221; &nbsp; &nbsp; &nbsp; &nbsp; Cuatro cad\u00e1veres fueron hallados en el sur de Colombia, tres de los cuales corresponder\u00edan a los del equipo de prensa del diario &#8220;El Comercio&#8221; de Quito asesinado en cautiverio por rebeldes disidentes de las FARC en la frontera. &nbsp; El ministerio de Defensa anunci\u00f3 por Twitter el hallazgo que podr\u00eda terminar con casi tres meses de incertidumbre: &#8220;Ya son cuatro los cad\u00e1veres recuperados&#8230;<\/p>\n","protected":false},"author":3,"featured_media":28938,"comment_status":"closed","ping_status":"closed","sticky":false,"template":"","format":"standard","meta":[],"categories":[4],"tags":[],"_links":{"self":[{"href":"https:\/\/www.actualidadadiario.com\/index.php\/wp-json\/wp\/v2\/posts\/28937"}],"collection":[{"href":"https:\/\/www.actualidadadiario.com\/index.php\/wp-json\/wp\/v2\/posts"}],"about":[{"href":"https:\/\/www.actualidadadiario.com\/index.php\/wp-json\/wp\/v2\/types\/post"}],"author":[{"embeddable":true,"href":"https:\/\/www.actualidadadiario.com\/index.php\/wp-json\/wp\/v2\/users\/3"}],"replies":[{"embeddable":true,"href":"https:\/\/www.actualidadadiario.com\/index.php\/wp-json\/wp\/v2\/comments?post=28937"}],"version-history":[{"count":1,"href":"https:\/\/www.actualidadadiario.com\/index.php\/wp-json\/wp\/v2\/posts\/28937\/revisions"}],"predecessor-version":[{"id":28939,"href":"https:\/\/www.actualidadadiario.com\/index.php\/wp-json\/wp\/v2\/posts\/28937\/revisions\/28939"}],"wp:featuredmedia":[{"embeddable":true,"href":"https:\/\/www.actualidadadiario.com\/index.php\/wp-json\/wp\/v2\/media\/28938"}],"wp:attachment":[{"href":"https:\/\/www.actualidadadiario.com\/index.php\/wp-json\/wp\/v2\/media?parent=28937"}],"wp:term":[{"taxonomy":"category","embeddable":true,"href":"https:\/\/www.actualidadadiario.com\/index.php\/wp-json\/wp\/v2\/categories?post=28937"},{"taxonomy":"post_tag","embeddable":true,"href":"https:\/\/www.actualidadadiario.com\/index.php\/wp-json\/wp\/v2\/tags?post=28937"}],"curies":[{"name":"wp","href":"https:\/\/api.w.org\/{rel}","templated":true}]}}