{"id":28931,"date":"2018-06-22T10:44:43","date_gmt":"2018-06-22T13:44:43","guid":{"rendered":"https:\/\/www.actualidadadiario.com\/?p=28931"},"modified":"2018-11-06T19:43:26","modified_gmt":"2018-11-06T22:43:26","slug":"grecia-acuerda-el-fin-de-programas-de-rescate","status":"publish","type":"post","link":"https:\/\/www.actualidadadiario.com\/index.php\/2018\/06\/22\/grecia-acuerda-el-fin-de-programas-de-rescate\/","title":{"rendered":"Grecia acuerda el fin de programas de rescate"},"content":{"rendered":"<p><em><strong>Grecia negocia con la Uni\u00f3n Europea el \u00faltimo tramo del rescate financiero y el regreso a los mercados financieros globales, junto a la renegociaci\u00f3n de una deuda p\u00fablica que alcanza ya el 180% del PBI<\/strong><\/em><\/p>\n<p>&nbsp;<\/p>\n<p>&nbsp;<\/p>\n<p>&nbsp;<\/p>\n<p>&nbsp;<\/p>\n<p>En una reuni\u00f3n de ministros de Finanzas de la Eurozona se discutieron las modalidades de salida de Grecia de casi una d\u00e9cada de programas de rescate, aunque contin\u00faan divididos sobre c\u00f3mo aliviar la enorme deuda helena.<\/p>\n<p>&nbsp;<\/p>\n<p>&#8220;Ser\u00e1 un momento hist\u00f3rico tanto para Grecia como para la zona euro&#8221;, indic\u00f3 el comisario europeo de Asuntos Financieros, Pierre Moscovici.<\/p>\n<p>&nbsp;<\/p>\n<p>&#8220;Estamos cerca del momento de cosechar los frutos de a\u00f1os de sacrificios y esfuerzos dif\u00edciles&#8221;, subray\u00f3 el primer ministro Alexis Tsipras.<\/p>\n<p>&nbsp;<\/p>\n<p>A pesar de un crecimiento del 1,4% del PBI en 2017 y un 1,9% estimado para este a\u00f1o, y un excedente presupuestario del 0,8% (desde el -15,1% de 2009), Grecia mantiene el nivel de deuda m\u00e1s elevado de la Eurozona y un desempleo del 20,8% en febrero.<\/p>\n<p>&nbsp;<\/p>\n<p>La discusi\u00f3n que se abre es sobre c\u00f3mo reducir la deuda y lo que se propone es extender el vencimiento de los pr\u00e9stamos existentes o de comprar los m\u00e1s caros, explic\u00f3 Moscovici.<\/p>\n<p>&nbsp;<\/p>\n<p>La directora general del FMI, Christine Lagarde tambi\u00e9n es partidaria de aliviar la deuda, pese a no participar en el tercer plan de rescate al considerar insostenible la deuda a largo plazo.<\/p>\n<p>&nbsp;<\/p>\n<p>Adem\u00e1s de la deuda, los europeos tienen previsto cerrar este jueves los \u00faltimos detalles sobre el tercer programa de ayuda otorgado a Grecia: 88 nuevas reformas a cambio de un \u00faltimo desembolso en julio destinado a un &#8220;colch\u00f3n financiero&#8221;.<\/p>\n<p>&nbsp;<\/p>\n<p>Berl\u00edn presion\u00f3 para que el alivio de la deuda a corto plazo de Grecia, por sus acreedores, est\u00e9 condicionado a continuar estas \u00faltimas reformas, algunas de las cuales se extender\u00e1n m\u00e1s all\u00e1 del 20 de agosto y durante varios meses.<\/p>\n<p>&nbsp;<\/p>\n<p>La negociaci\u00f3n se lleva adelante en momentos en que se conoci\u00f3 que Alemania gan\u00f3 2900 millones de euros con el rescate, gracias a sus ayudas durante la crisis y los intereses en su compra de bonos del Estado griego desde el 2010.<\/p>\n","protected":false},"excerpt":{"rendered":"<p>Grecia negocia con la Uni\u00f3n Europea el \u00faltimo tramo del rescate financiero y el regreso a los mercados financieros globales, junto a la renegociaci\u00f3n de una deuda p\u00fablica que alcanza ya el 180% del PBI &nbsp; &nbsp; &nbsp; &nbsp; En una reuni\u00f3n de ministros de Finanzas de la Eurozona se discutieron las modalidades de salida de Grecia de casi una d\u00e9cada de programas de rescate, aunque contin\u00faan divididos sobre c\u00f3mo aliviar la enorme deuda helena. &nbsp; &#8220;Ser\u00e1 un momento hist\u00f3rico tanto para Grecia como para la zona euro&#8221;, indic\u00f3 el&#8230;<\/p>\n","protected":false},"author":3,"featured_media":28932,"comment_status":"closed","ping_status":"closed","sticky":false,"template":"","format":"standard","meta":[],"categories":[4],"tags":[],"_links":{"self":[{"href":"https:\/\/www.actualidadadiario.com\/index.php\/wp-json\/wp\/v2\/posts\/28931"}],"collection":[{"href":"https:\/\/www.actualidadadiario.com\/index.php\/wp-json\/wp\/v2\/posts"}],"about":[{"href":"https:\/\/www.actualidadadiario.com\/index.php\/wp-json\/wp\/v2\/types\/post"}],"author":[{"embeddable":true,"href":"https:\/\/www.actualidadadiario.com\/index.php\/wp-json\/wp\/v2\/users\/3"}],"replies":[{"embeddable":true,"href":"https:\/\/www.actualidadadiario.com\/index.php\/wp-json\/wp\/v2\/comments?post=28931"}],"version-history":[{"count":1,"href":"https:\/\/www.actualidadadiario.com\/index.php\/wp-json\/wp\/v2\/posts\/28931\/revisions"}],"predecessor-version":[{"id":28933,"href":"https:\/\/www.actualidadadiario.com\/index.php\/wp-json\/wp\/v2\/posts\/28931\/revisions\/28933"}],"wp:featuredmedia":[{"embeddable":true,"href":"https:\/\/www.actualidadadiario.com\/index.php\/wp-json\/wp\/v2\/media\/28932"}],"wp:attachment":[{"href":"https:\/\/www.actualidadadiario.com\/index.php\/wp-json\/wp\/v2\/media?parent=28931"}],"wp:term":[{"taxonomy":"category","embeddable":true,"href":"https:\/\/www.actualidadadiario.com\/index.php\/wp-json\/wp\/v2\/categories?post=28931"},{"taxonomy":"post_tag","embeddable":true,"href":"https:\/\/www.actualidadadiario.com\/index.php\/wp-json\/wp\/v2\/tags?post=28931"}],"curies":[{"name":"wp","href":"https:\/\/api.w.org\/{rel}","templated":true}]}}