{"id":28928,"date":"2018-06-22T10:43:55","date_gmt":"2018-06-22T13:43:55","guid":{"rendered":"https:\/\/www.actualidadadiario.com\/?p=28928"},"modified":"2018-11-06T19:43:26","modified_gmt":"2018-11-06T22:43:26","slug":"las-pymes-realizaran-un-persianazo-por-la-crisis","status":"publish","type":"post","link":"https:\/\/www.actualidadadiario.com\/index.php\/2018\/06\/22\/las-pymes-realizaran-un-persianazo-por-la-crisis\/","title":{"rendered":"Las pymes realizar\u00e1n un persianazo por la crisis"},"content":{"rendered":"<p><em><strong>Ser\u00e1 el pr\u00f3ximo lunes en consonancia con el paro decretado por las centrales obreras. La iniciativa reclamar\u00e1 por un nuevo modelo econ\u00f3mico nacional, que defienda las industrias y revalorice el mercado interno<\/strong><\/em><\/p>\n<p>&nbsp;<\/p>\n<p>&nbsp;<\/p>\n<p>&nbsp;<\/p>\n<p>El lunes 25 de junio, en el marco del paro nacional de actividades decretado por las centrales obreras, las entidades Pymes realizar\u00e1n un &#8220;persianazo&#8221; e interrumpir\u00e1n la labor diaria como medida de fuerza ante la crisis que afecta al sector.<\/p>\n<p>&nbsp;<\/p>\n<p>La iniciativa se acord\u00f3 con el objetivo de reclamar por un nuevo modelo econ\u00f3mico nacional, que defienda las industrias y revalorice el mercado interno como motor de desarrollo econ\u00f3mico.<\/p>\n<p>&nbsp;<\/p>\n<p>&#8220;Bajo el lema &#8216;Persianazo&#8217;, los pymes cesaremos nuestras actividades diarias y acompa\u00f1aremos la medida de fuerza adoptada originalmente por nuestros trabajadores&#8221;, informaron.<\/p>\n<p>&nbsp;<\/p>\n<p>El sector Pyme emplea cerca del 80% del universo laboral privado. &#8220;Las decisiones econ\u00f3micas del Gobierno, los tarifazos y el acuerdo con el FMI, del cual sabemos que es la entidad responsable de la pobreza de los pueblos, destruyen el entramado productivo Pyme. Esto impacta tambi\u00e9n de manera directa contra los trabajadores y empeora a\u00fan m\u00e1s la ya complicada situaci\u00f3n social que estamos atravesando. Este 25 de junio seguimos exigiendo un cambio de rumbo en la pol\u00edtica industrial en particular, y econ\u00f3mica en general&#8221;, contin\u00faa el comunicado.<\/p>\n<p>&nbsp;<\/p>\n<p>&#8220;Desde esta alianza estrat\u00e9gica entre Producci\u00f3n y Trabajo exigimos al Estado que se haga cargo de su rol en la defensa de la Industria Nacional y el Trabajo de los Argentinos&#8221;, concluyen.<\/p>\n<p>&nbsp;<\/p>\n<p>A la medida de fuerza adherir\u00e1n APYME, la Asociaci\u00f3n Pyme Empresarios Nacionales Agrupaci\u00f3n Gelbard Ceen y el Frente Productivo.<\/p>\n","protected":false},"excerpt":{"rendered":"<p>Ser\u00e1 el pr\u00f3ximo lunes en consonancia con el paro decretado por las centrales obreras. La iniciativa reclamar\u00e1 por un nuevo modelo econ\u00f3mico nacional, que defienda las industrias y revalorice el mercado interno &nbsp; &nbsp; &nbsp; El lunes 25 de junio, en el marco del paro nacional de actividades decretado por las centrales obreras, las entidades Pymes realizar\u00e1n un &#8220;persianazo&#8221; e interrumpir\u00e1n la labor diaria como medida de fuerza ante la crisis que afecta al sector. &nbsp; La iniciativa se acord\u00f3 con el objetivo de reclamar por un nuevo modelo econ\u00f3mico&#8230;<\/p>\n","protected":false},"author":3,"featured_media":28929,"comment_status":"closed","ping_status":"closed","sticky":false,"template":"","format":"standard","meta":[],"categories":[18],"tags":[],"_links":{"self":[{"href":"https:\/\/www.actualidadadiario.com\/index.php\/wp-json\/wp\/v2\/posts\/28928"}],"collection":[{"href":"https:\/\/www.actualidadadiario.com\/index.php\/wp-json\/wp\/v2\/posts"}],"about":[{"href":"https:\/\/www.actualidadadiario.com\/index.php\/wp-json\/wp\/v2\/types\/post"}],"author":[{"embeddable":true,"href":"https:\/\/www.actualidadadiario.com\/index.php\/wp-json\/wp\/v2\/users\/3"}],"replies":[{"embeddable":true,"href":"https:\/\/www.actualidadadiario.com\/index.php\/wp-json\/wp\/v2\/comments?post=28928"}],"version-history":[{"count":1,"href":"https:\/\/www.actualidadadiario.com\/index.php\/wp-json\/wp\/v2\/posts\/28928\/revisions"}],"predecessor-version":[{"id":28930,"href":"https:\/\/www.actualidadadiario.com\/index.php\/wp-json\/wp\/v2\/posts\/28928\/revisions\/28930"}],"wp:featuredmedia":[{"embeddable":true,"href":"https:\/\/www.actualidadadiario.com\/index.php\/wp-json\/wp\/v2\/media\/28929"}],"wp:attachment":[{"href":"https:\/\/www.actualidadadiario.com\/index.php\/wp-json\/wp\/v2\/media?parent=28928"}],"wp:term":[{"taxonomy":"category","embeddable":true,"href":"https:\/\/www.actualidadadiario.com\/index.php\/wp-json\/wp\/v2\/categories?post=28928"},{"taxonomy":"post_tag","embeddable":true,"href":"https:\/\/www.actualidadadiario.com\/index.php\/wp-json\/wp\/v2\/tags?post=28928"}],"curies":[{"name":"wp","href":"https:\/\/api.w.org\/{rel}","templated":true}]}}