{"id":28925,"date":"2018-06-22T10:43:15","date_gmt":"2018-06-22T13:43:15","guid":{"rendered":"https:\/\/www.actualidadadiario.com\/?p=28925"},"modified":"2018-11-06T19:43:26","modified_gmt":"2018-11-06T22:43:26","slug":"los-movimientos-sociales-se-unen-al-paro-de-la-cgt-del-lunes","status":"publish","type":"post","link":"https:\/\/www.actualidadadiario.com\/index.php\/2018\/06\/22\/los-movimientos-sociales-se-unen-al-paro-de-la-cgt-del-lunes\/","title":{"rendered":"Los movimientos sociales se unen al paro de la CGT del lunes"},"content":{"rendered":"<p><em><strong>Los movimientos sociales, integrados por trabajadores de la econom\u00eda popular, confirmaron hoy que se plegar\u00e1n al paro del lunes convocado por la CGT y anunciaron nuevas medidas de fuerza<\/strong><\/em><\/p>\n<p>&nbsp;<\/p>\n<p>&nbsp;<\/p>\n<p>&nbsp;<\/p>\n<p>&nbsp;<\/p>\n<p>Los movimientos sociales, integrados por trabajadores de la econom\u00eda popular, confirmaron hoy que se plegar\u00e1n al paro del lunes convocado por la CGT y anunciaron que realizar\u00e1n diversas protestas durante julio y una marcha el 7 de agosto para pedir trabajo en el d\u00eda de San Cayetano. &#8220;Nos unimos al paro de la CGT para luchar en unidad por los derechos de los trabajadores y las trabajadoras de todo el pa\u00eds&#8221;, indic\u00f3 un comunicado.<\/p>\n<p>&nbsp;<\/p>\n<p>En ese marco, el jefe de la CTEP, Esteban Castro, consider\u00f3 que &#8220;el acuerdo con el FMI abre la puerta a un posible genocidio, hoy nuestras compa\u00f1eras y compa\u00f1eros est\u00e1n dando una enorme pelea para poder comer. Es en ese marco que apoyamos el paro general del 25 lanzado por la CGT&#8221;.\u00a0 El dirigente reiter\u00f3 su reclamo de aumento del Salario Social Complementario, de la AUH y de todos los programas sociales y de empleo.<\/p>\n<p>&nbsp;<\/p>\n<p>\u201cQuedaron absolutamente desfasados con la inflaci\u00f3n de la canasta b\u00e1sica de alimentos y las tarifas de los servicios b\u00e1sicos. El modelo de ajuste y endeudamiento en los barrios populares se vive una situaci\u00f3n extrema de exclusi\u00f3n y hambre que empeora cada d\u00eda m\u00e1s por el aumento de precios y la falta de trabajo&#8221;, a\u00f1adi\u00f3 el referente de los movimientos sociales que se sumar\u00e1n a la marcha.<\/p>\n<p>&nbsp;<\/p>\n<p>Tras reiterar el pedido del tratamiento en el Congreso de los proyectos de ley que motivaron la Marcha Federal: Infraestructura Social, Integraci\u00f3n Urbana, Agricultura Familiar, Emergencia Alimentaria y de Adicciones, el vocero se\u00f1al\u00f3 que las organizaciones sociales continuar\u00e1n con diversas manifestaciones durante julio, y el 7 de agosto realizar\u00e1n la tradicional movilizaci\u00f3n desde San Cayetano a Plaza de Mayo en el d\u00eda del Santo Patrono del Trabajo.<\/p>\n","protected":false},"excerpt":{"rendered":"<p>Los movimientos sociales, integrados por trabajadores de la econom\u00eda popular, confirmaron hoy que se plegar\u00e1n al paro del lunes convocado por la CGT y anunciaron nuevas medidas de fuerza &nbsp; &nbsp; &nbsp; &nbsp; Los movimientos sociales, integrados por trabajadores de la econom\u00eda popular, confirmaron hoy que se plegar\u00e1n al paro del lunes convocado por la CGT y anunciaron que realizar\u00e1n diversas protestas durante julio y una marcha el 7 de agosto para pedir trabajo en el d\u00eda de San Cayetano. &#8220;Nos unimos al paro de la CGT para luchar en&#8230;<\/p>\n","protected":false},"author":3,"featured_media":28926,"comment_status":"closed","ping_status":"closed","sticky":false,"template":"","format":"standard","meta":[],"categories":[18],"tags":[],"_links":{"self":[{"href":"https:\/\/www.actualidadadiario.com\/index.php\/wp-json\/wp\/v2\/posts\/28925"}],"collection":[{"href":"https:\/\/www.actualidadadiario.com\/index.php\/wp-json\/wp\/v2\/posts"}],"about":[{"href":"https:\/\/www.actualidadadiario.com\/index.php\/wp-json\/wp\/v2\/types\/post"}],"author":[{"embeddable":true,"href":"https:\/\/www.actualidadadiario.com\/index.php\/wp-json\/wp\/v2\/users\/3"}],"replies":[{"embeddable":true,"href":"https:\/\/www.actualidadadiario.com\/index.php\/wp-json\/wp\/v2\/comments?post=28925"}],"version-history":[{"count":1,"href":"https:\/\/www.actualidadadiario.com\/index.php\/wp-json\/wp\/v2\/posts\/28925\/revisions"}],"predecessor-version":[{"id":28927,"href":"https:\/\/www.actualidadadiario.com\/index.php\/wp-json\/wp\/v2\/posts\/28925\/revisions\/28927"}],"wp:featuredmedia":[{"embeddable":true,"href":"https:\/\/www.actualidadadiario.com\/index.php\/wp-json\/wp\/v2\/media\/28926"}],"wp:attachment":[{"href":"https:\/\/www.actualidadadiario.com\/index.php\/wp-json\/wp\/v2\/media?parent=28925"}],"wp:term":[{"taxonomy":"category","embeddable":true,"href":"https:\/\/www.actualidadadiario.com\/index.php\/wp-json\/wp\/v2\/categories?post=28925"},{"taxonomy":"post_tag","embeddable":true,"href":"https:\/\/www.actualidadadiario.com\/index.php\/wp-json\/wp\/v2\/tags?post=28925"}],"curies":[{"name":"wp","href":"https:\/\/api.w.org\/{rel}","templated":true}]}}