{"id":28922,"date":"2018-06-22T10:42:35","date_gmt":"2018-06-22T13:42:35","guid":{"rendered":"https:\/\/www.actualidadadiario.com\/?p=28922"},"modified":"2018-11-06T19:43:26","modified_gmt":"2018-11-06T22:43:26","slug":"arroyo-anticipa-un-gran-conflicto-social-la-gente-no-resiste","status":"publish","type":"post","link":"https:\/\/www.actualidadadiario.com\/index.php\/2018\/06\/22\/arroyo-anticipa-un-gran-conflicto-social-la-gente-no-resiste\/","title":{"rendered":"Arroyo anticipa \u201cun gran conflicto social, la gente no resiste\u201d"},"content":{"rendered":"<p><em><strong>El diputado nacional por el Frente Renovador, Daniel Arroyo, asegur\u00f3 que \u201ces un flor de problema que el FMI quiera modificar la carta org\u00e1nica del Banco Central para quitarle autonom\u00eda\u201d, en el marco del acuerdo con el Fondo Monetario. \u201cEsto lo consideramos muy malo para el pa\u00eds y por eso nos vamos a oponer\u201d, asever\u00f3<\/strong><\/em><\/p>\n<p>&nbsp;<\/p>\n<p>&nbsp;<\/p>\n<p>&nbsp;<\/p>\n<p>&nbsp;<\/p>\n<p>Sobre la designaci\u00f3n de Luis Caputo en el BCRA, remarc\u00f3 que \u201cse mandaron flor de devaluaci\u00f3n, sea el Gobierno o el mercado, mientras que el nuevo ministro de Producci\u00f3n dijo que ve bien un d\u00f3lar a 28 o 29 pesos y eso es directamente mucha m\u00e1s pobreza, m\u00e1s hambre y encima ahora viene el programa de ajuste del Fondo\u201d.<\/p>\n<p>&nbsp;<\/p>\n<p>\u201cEsto realmente es una locura, y vamos rumbo a un conflicto social muy grave porque la gente no resiste m\u00e1s esta situaci\u00f3n que a\u00fan no mejor\u00f3 sino que va a empeorar\u201d, alert\u00f3.<\/p>\n<p>&nbsp;<\/p>\n<p>Ante la pregunta sobre la situaci\u00f3n judicial del ex ministro de Energ\u00eda, se\u00f1al\u00f3 que hay un pedido en la Justicia para que Juan Jos\u00e9 Aranguren no abandone el pa\u00eds ya que est\u00e1 relacionado en una causa por ser funcionario p\u00fablico y tener acciones de la empresa Shell.<\/p>\n","protected":false},"excerpt":{"rendered":"<p>El diputado nacional por el Frente Renovador, Daniel Arroyo, asegur\u00f3 que \u201ces un flor de problema que el FMI quiera modificar la carta org\u00e1nica del Banco Central para quitarle autonom\u00eda\u201d, en el marco del acuerdo con el Fondo Monetario. \u201cEsto lo consideramos muy malo para el pa\u00eds y por eso nos vamos a oponer\u201d, asever\u00f3 &nbsp; &nbsp; &nbsp; &nbsp; Sobre la designaci\u00f3n de Luis Caputo en el BCRA, remarc\u00f3 que \u201cse mandaron flor de devaluaci\u00f3n, sea el Gobierno o el mercado, mientras que el nuevo ministro de Producci\u00f3n dijo que&#8230;<\/p>\n","protected":false},"author":3,"featured_media":28923,"comment_status":"closed","ping_status":"closed","sticky":false,"template":"","format":"standard","meta":[],"categories":[9,18],"tags":[],"_links":{"self":[{"href":"https:\/\/www.actualidadadiario.com\/index.php\/wp-json\/wp\/v2\/posts\/28922"}],"collection":[{"href":"https:\/\/www.actualidadadiario.com\/index.php\/wp-json\/wp\/v2\/posts"}],"about":[{"href":"https:\/\/www.actualidadadiario.com\/index.php\/wp-json\/wp\/v2\/types\/post"}],"author":[{"embeddable":true,"href":"https:\/\/www.actualidadadiario.com\/index.php\/wp-json\/wp\/v2\/users\/3"}],"replies":[{"embeddable":true,"href":"https:\/\/www.actualidadadiario.com\/index.php\/wp-json\/wp\/v2\/comments?post=28922"}],"version-history":[{"count":1,"href":"https:\/\/www.actualidadadiario.com\/index.php\/wp-json\/wp\/v2\/posts\/28922\/revisions"}],"predecessor-version":[{"id":28924,"href":"https:\/\/www.actualidadadiario.com\/index.php\/wp-json\/wp\/v2\/posts\/28922\/revisions\/28924"}],"wp:featuredmedia":[{"embeddable":true,"href":"https:\/\/www.actualidadadiario.com\/index.php\/wp-json\/wp\/v2\/media\/28923"}],"wp:attachment":[{"href":"https:\/\/www.actualidadadiario.com\/index.php\/wp-json\/wp\/v2\/media?parent=28922"}],"wp:term":[{"taxonomy":"category","embeddable":true,"href":"https:\/\/www.actualidadadiario.com\/index.php\/wp-json\/wp\/v2\/categories?post=28922"},{"taxonomy":"post_tag","embeddable":true,"href":"https:\/\/www.actualidadadiario.com\/index.php\/wp-json\/wp\/v2\/tags?post=28922"}],"curies":[{"name":"wp","href":"https:\/\/api.w.org\/{rel}","templated":true}]}}