{"id":28919,"date":"2018-06-22T10:41:50","date_gmt":"2018-06-22T13:41:50","guid":{"rendered":"https:\/\/www.actualidadadiario.com\/?p=28919"},"modified":"2018-11-06T19:43:27","modified_gmt":"2018-11-06T22:43:27","slug":"fuertes-criticas-a-michetti-por-la-maniobra-para-demorar-el-tratamiento-del-aborto-legal","status":"publish","type":"post","link":"https:\/\/www.actualidadadiario.com\/index.php\/2018\/06\/22\/fuertes-criticas-a-michetti-por-la-maniobra-para-demorar-el-tratamiento-del-aborto-legal\/","title":{"rendered":"Fuertes cr\u00edticas a Michetti por la maniobra para demorar el tratamiento del aborto legal"},"content":{"rendered":"<p><em><strong>La vicepresidenta y titular del Senado traz\u00f3 junto Estaban Bullrich, otro antiabortista, una estrategia para dilatar el tr\u00e1mite parlamentario. Duras reacciones<\/strong><\/em><\/p>\n<p>&nbsp;<\/p>\n<p>&nbsp;<\/p>\n<p>&nbsp;<\/p>\n<p>En medio de la hecatombe mundialista, los poco alentadores datos del Indec y la expectativa por el futuro de la crisis financiera, el proyecto de ley para legalizar el aborto, que cuenta con media sanci\u00f3n de la C\u00e1mara de Diputados, sigue generando noticias.<\/p>\n<p>&nbsp;<\/p>\n<p>Esta vez fue la vicepresidenta de la Naci\u00f3n y presidenta del Senado, Gabriela Michetti, quien tom\u00f3 una pol\u00e9mica decisi\u00f3n sobre el tema. Luego de reunirse con el senador Esteban Bullrich y otros integrantes del elenco antiabortista en la c\u00e1mara alta, Michetti decidi\u00f3 girar al proyecto a cuatro comisiones, entre las que se encuentran la de Presupuesto y la de Asuntos Constitucionales, que no tienen ninguna relaci\u00f3n con lo que se pretende legislar.<\/p>\n<p>&nbsp;<\/p>\n<p>Fueron muchos los que interpretaron esta jugada como una maniobra para entorpecer el tratamiento de la ley. Uno de ellos fue Miguel \u00c1ngel Pichetto, titular del principal bloque opositor en el Senado. \u201cEste giro es totalmente excesivo, y el traslado tanto a Presupuesto y Hacienda y Asuntos Constitucionales, innecesario&#8221;, advirti\u00f3 el rionegrino, quien adjudic\u00f3 a Michetti una &#8220;actitud dilatoria&#8221;.<\/p>\n<p>&nbsp;<\/p>\n<p>Para Pichetto, la maniobra &#8220;obedece a una posici\u00f3n personal de la vicepresidenta, con la finalidad de prolongar el debate indefinidamente\u201d.<\/p>\n<p>&nbsp;<\/p>\n<p>Tambi\u00e9n desde la Campa\u00f1a Nacional por el Derecho al Aborto Legal, Seguro y Gratuito se fustig\u00f3 a Michetti y se adjudic\u00f3 esta decisi\u00f3n a &#8220;su firme oposici\u00f3n personal al tratamiento de una Ley que modificar\u00e1 sustancialmente las condiciones de vida y reconocer\u00e1 un derecho humano de las mujeres y personas gestantes&#8221;.<\/p>\n<p>&nbsp;<\/p>\n<p>Respecto del giro a la comisi\u00f3n de Presupuesto, el colectivo record\u00f3 que &#8220;en varias declaraciones el ministro de Salud de la Naci\u00f3n, Adolfo Rubinstein, manifest\u00f3 que no es necesaria una nueva partida presupuestaria para que el sistema de salud, el cual se compone de servicios p\u00fablicos, obras sociales, medicina prepaga y diversos institutos pueda asistir esta demanda&#8221;.<\/p>\n<p>&nbsp;<\/p>\n<p>&#8220;La iniciativa legislativa que reconoce el aborto como derecho es una tem\u00e1tica y competencia de salud y de justicia. Por eso, la decisi\u00f3n de la Vicepresidenta de la Naci\u00f3n y Presidenta de la C\u00e1mara de Senadores, Gabriela Michetti, constituye una maniobra dilatoria y excesiva. Seguiremos luchando en el Congreso, en las calles y en las redes hasta que el aborto sea ley&#8221;, expresa el comunicado.<\/p>\n","protected":false},"excerpt":{"rendered":"<p>La vicepresidenta y titular del Senado traz\u00f3 junto Estaban Bullrich, otro antiabortista, una estrategia para dilatar el tr\u00e1mite parlamentario. Duras reacciones &nbsp; &nbsp; &nbsp; En medio de la hecatombe mundialista, los poco alentadores datos del Indec y la expectativa por el futuro de la crisis financiera, el proyecto de ley para legalizar el aborto, que cuenta con media sanci\u00f3n de la C\u00e1mara de Diputados, sigue generando noticias. &nbsp; Esta vez fue la vicepresidenta de la Naci\u00f3n y presidenta del Senado, Gabriela Michetti, quien tom\u00f3 una pol\u00e9mica decisi\u00f3n sobre el tema&#8230;.<\/p>\n","protected":false},"author":3,"featured_media":28920,"comment_status":"closed","ping_status":"closed","sticky":false,"template":"","format":"standard","meta":[],"categories":[18],"tags":[],"_links":{"self":[{"href":"https:\/\/www.actualidadadiario.com\/index.php\/wp-json\/wp\/v2\/posts\/28919"}],"collection":[{"href":"https:\/\/www.actualidadadiario.com\/index.php\/wp-json\/wp\/v2\/posts"}],"about":[{"href":"https:\/\/www.actualidadadiario.com\/index.php\/wp-json\/wp\/v2\/types\/post"}],"author":[{"embeddable":true,"href":"https:\/\/www.actualidadadiario.com\/index.php\/wp-json\/wp\/v2\/users\/3"}],"replies":[{"embeddable":true,"href":"https:\/\/www.actualidadadiario.com\/index.php\/wp-json\/wp\/v2\/comments?post=28919"}],"version-history":[{"count":1,"href":"https:\/\/www.actualidadadiario.com\/index.php\/wp-json\/wp\/v2\/posts\/28919\/revisions"}],"predecessor-version":[{"id":28921,"href":"https:\/\/www.actualidadadiario.com\/index.php\/wp-json\/wp\/v2\/posts\/28919\/revisions\/28921"}],"wp:featuredmedia":[{"embeddable":true,"href":"https:\/\/www.actualidadadiario.com\/index.php\/wp-json\/wp\/v2\/media\/28920"}],"wp:attachment":[{"href":"https:\/\/www.actualidadadiario.com\/index.php\/wp-json\/wp\/v2\/media?parent=28919"}],"wp:term":[{"taxonomy":"category","embeddable":true,"href":"https:\/\/www.actualidadadiario.com\/index.php\/wp-json\/wp\/v2\/categories?post=28919"},{"taxonomy":"post_tag","embeddable":true,"href":"https:\/\/www.actualidadadiario.com\/index.php\/wp-json\/wp\/v2\/tags?post=28919"}],"curies":[{"name":"wp","href":"https:\/\/api.w.org\/{rel}","templated":true}]}}