{"id":28916,"date":"2018-06-22T10:41:02","date_gmt":"2018-06-22T13:41:02","guid":{"rendered":"https:\/\/www.actualidadadiario.com\/?p=28916"},"modified":"2018-11-06T19:43:30","modified_gmt":"2018-11-06T22:43:30","slug":"iguacel-ratifico-proximos-aumentos-en-tarifas-de-luz-y-gas","status":"publish","type":"post","link":"https:\/\/www.actualidadadiario.com\/index.php\/2018\/06\/22\/iguacel-ratifico-proximos-aumentos-en-tarifas-de-luz-y-gas\/","title":{"rendered":"Iguacel ratific\u00f3 pr\u00f3ximos aumentos en tarifas de luz y gas"},"content":{"rendered":"<p><em><strong>Luego de jurar como titular de Energ\u00eda, el remplazante de Juan Jos\u00e9 Aranguren record\u00f3 que &#8220;hay acuerdos que existen para terminar de recomponer la tarifa&#8221;. En ese contexto, el propio Iguacel afirm\u00f3 que luego de los pr\u00f3ximos aumentos ser\u00e1 momento para &#8220;comenzar a buscar este equilibrio entre coyuntura y largo plazo&#8221;<\/strong><\/em><\/p>\n<p>&nbsp;<\/p>\n<p>&nbsp;<\/p>\n<p>&nbsp;<\/p>\n<p>&nbsp;<\/p>\n<p>Consultado sobre el precio de los combustibles, Iguacel se\u00f1al\u00f3 que est\u00e1n &#8220;estudiando la coyuntura, hay un acuerdo que se va a respetar y despu\u00e9s tenemos que sentarnos con todos los sectores y ver c\u00f3mo estamos&#8221;. &#8220;Pero siempre defendiendo el bolsillo de la gente y al mismo tiempo asegurando que haya m\u00e1s inversiones para salir de esta cat\u00e1strofe que heredamos&#8221;, indic\u00f3.<\/p>\n<p>&nbsp;<\/p>\n<p>Por lo pronto, el nuevo ministro de Energ\u00eda destac\u00f3 la labor de Aranguren al considerar que &#8220;ha hecho un gran trabajo&#8221; ya que &#8220;era muy dif\u00edcil de comunicar la cat\u00e1strofe energ\u00e9tica que dej\u00f3 el kirchnerismo&#8221;.<\/p>\n<p>&nbsp;<\/p>\n<p>&#8220;La desinversi\u00f3n era absoluta. Si hubi\u00e9ramos hecho las cosas bien, como hicieron otros pa\u00edses, hoy tendr\u00edamos excedentes, estar\u00edamos exportando y los argentinos vivir\u00edamos mucho mejor con tarifas m\u00e1s acordes a nuestro bolsillo&#8221;, agreg\u00f3.<\/p>\n<p>&nbsp;<\/p>\n<p>En tanto, Iguacel indic\u00f3 que con lo que pueden aportar a futuro Vaca Muerta y los desarrollos en materia de energ\u00edas renovables el pa\u00eds va a estar en condiciones de &#8220;darle mejores tarifas y mejor competitividad a la industria y a la gente para que pueda vivir mejor&#8221;.<\/p>\n<p>&nbsp;<\/p>\n<p>&#8220;Nuestro objetivo es que lo que pagan por energ\u00eda, por la luz, por el gas, por la nafta, cada vez pese menos en el bolsillo de los argentinos y que les permita a las pymes desarrollarse y producir&#8221;, se\u00f1al\u00f3.<\/p>\n","protected":false},"excerpt":{"rendered":"<p>Luego de jurar como titular de Energ\u00eda, el remplazante de Juan Jos\u00e9 Aranguren record\u00f3 que &#8220;hay acuerdos que existen para terminar de recomponer la tarifa&#8221;. En ese contexto, el propio Iguacel afirm\u00f3 que luego de los pr\u00f3ximos aumentos ser\u00e1 momento para &#8220;comenzar a buscar este equilibrio entre coyuntura y largo plazo&#8221; &nbsp; &nbsp; &nbsp; &nbsp; Consultado sobre el precio de los combustibles, Iguacel se\u00f1al\u00f3 que est\u00e1n &#8220;estudiando la coyuntura, hay un acuerdo que se va a respetar y despu\u00e9s tenemos que sentarnos con todos los sectores y ver c\u00f3mo estamos&#8221;&#8230;.<\/p>\n","protected":false},"author":3,"featured_media":28917,"comment_status":"closed","ping_status":"closed","sticky":false,"template":"","format":"standard","meta":[],"categories":[9,18],"tags":[],"_links":{"self":[{"href":"https:\/\/www.actualidadadiario.com\/index.php\/wp-json\/wp\/v2\/posts\/28916"}],"collection":[{"href":"https:\/\/www.actualidadadiario.com\/index.php\/wp-json\/wp\/v2\/posts"}],"about":[{"href":"https:\/\/www.actualidadadiario.com\/index.php\/wp-json\/wp\/v2\/types\/post"}],"author":[{"embeddable":true,"href":"https:\/\/www.actualidadadiario.com\/index.php\/wp-json\/wp\/v2\/users\/3"}],"replies":[{"embeddable":true,"href":"https:\/\/www.actualidadadiario.com\/index.php\/wp-json\/wp\/v2\/comments?post=28916"}],"version-history":[{"count":1,"href":"https:\/\/www.actualidadadiario.com\/index.php\/wp-json\/wp\/v2\/posts\/28916\/revisions"}],"predecessor-version":[{"id":28918,"href":"https:\/\/www.actualidadadiario.com\/index.php\/wp-json\/wp\/v2\/posts\/28916\/revisions\/28918"}],"wp:featuredmedia":[{"embeddable":true,"href":"https:\/\/www.actualidadadiario.com\/index.php\/wp-json\/wp\/v2\/media\/28917"}],"wp:attachment":[{"href":"https:\/\/www.actualidadadiario.com\/index.php\/wp-json\/wp\/v2\/media?parent=28916"}],"wp:term":[{"taxonomy":"category","embeddable":true,"href":"https:\/\/www.actualidadadiario.com\/index.php\/wp-json\/wp\/v2\/categories?post=28916"},{"taxonomy":"post_tag","embeddable":true,"href":"https:\/\/www.actualidadadiario.com\/index.php\/wp-json\/wp\/v2\/tags?post=28916"}],"curies":[{"name":"wp","href":"https:\/\/api.w.org\/{rel}","templated":true}]}}