{"id":28911,"date":"2018-06-22T10:39:14","date_gmt":"2018-06-22T13:39:14","guid":{"rendered":"https:\/\/www.actualidadadiario.com\/?p=28911"},"modified":"2018-11-06T19:43:30","modified_gmt":"2018-11-06T22:43:30","slug":"el-gobierno-oficializo-las-modificaciones-en-la-conformacion-de-los-ministerios","status":"publish","type":"post","link":"https:\/\/www.actualidadadiario.com\/index.php\/2018\/06\/22\/el-gobierno-oficializo-las-modificaciones-en-la-conformacion-de-los-ministerios\/","title":{"rendered":"El Gobierno oficializ\u00f3 las modificaciones en la conformaci\u00f3n de los ministerios"},"content":{"rendered":"<p><em><strong>Estos movimientos fueron oficializados a trav\u00e9s del decreto 575\/2018, que modifica la ley de ministerios y que se public\u00f3 este viernes en el Bolet\u00edn Oficial<\/strong><\/em><\/p>\n<p>&nbsp;<\/p>\n<p>&nbsp;<\/p>\n<p>&nbsp;<\/p>\n<p>&nbsp;<\/p>\n<p>Tras los cambios de nombres en el Gabinete anunciados por el presidente Mauricio Macri durante el fin de semana, el Gobierno oficializ\u00f3 hoy modificaciones en las atribuciones de varios ministerios.<\/p>\n<p>&nbsp;<\/p>\n<p>Lo hizo a trav\u00e9s del Decreto 575\/2018, que introduce cambios en la ley de ministerios, publicadas este viernes en el Bolet\u00edn Oficial.<\/p>\n<p>&nbsp;<\/p>\n<p>De esta forma, tras el pase de Luis Caputo al BCRA, la cartera de Hacienda absorbi\u00f3 las competencias de Finanzas. As\u00ed, Nicol\u00e1s Dujovne sum\u00f3 una nueva cuota de poder, un mes despu\u00e9s de ser elegido para coordinar nueve ministerios.<\/p>\n<p>&nbsp;<\/p>\n<p>Por otra parte, con la salida de Juan Jos\u00e9 Aranguren y la designaci\u00f3n de Javier Iguacel en el Ministerio de Energ\u00eda y Miner\u00eda, se transfirieron las competencias referidas a la pol\u00edtica minera a Producci\u00f3n, que ya maneja Dante Sica en reemplazo de Francisco Cabrera.<\/p>\n<p>&nbsp;<\/p>\n<p>&#8220;Una de las premisas del Gobierno Nacional es lograr la utilizaci\u00f3n racional de los recursos p\u00fablicos para potenciar una gesti\u00f3n m\u00e1s eficiente&#8221;, se\u00f1ala la norma en sus considerandos.<\/p>\n<p>&nbsp;<\/p>\n<p>Y a\u00f1ade: &#8220;Resulta pertinente efectuar un reordenamiento estrat\u00e9gico que permita concretar las metas pol\u00edticas diagramadas&#8221;.<\/p>\n<p>&nbsp;<\/p>\n<p>&nbsp;<\/p>\n<p><strong>Los ministerios que quedan <\/strong><\/p>\n<p>Con estos cambios, hoy los ministerios son los siguientes:<\/p>\n<p>&#8211; Interior, Obras P\u00fablicas y Vivienda.<\/p>\n<p>&#8211; Relaciones Exteriores y Culto<\/p>\n<p>&#8211; Defensa<\/p>\n<p>&#8211; Hacienda<\/p>\n<p>&#8211; Producci\u00f3n<\/p>\n<p>&#8211; Agroindustria<\/p>\n<p>&#8211; Turismo &#8211; Transporte<\/p>\n<p>&#8211; Justicia y Derechos Humanos<\/p>\n<p>&#8211; Seguridad<\/p>\n<p>&#8211; Trabajo, Empleo y Seguridad Social<\/p>\n<p>&#8211; Desarrollo Social<\/p>\n<p>&#8211; Salud<\/p>\n<p>&#8211; Educaci\u00f3n<\/p>\n<p>&#8211; Ciencia, Tecnolog\u00eda e Innovaci\u00f3n Productiva<\/p>\n<p>&#8211; Cultura<\/p>\n<p>&#8211; Ambiente y Desarrollo Sustentable<\/p>\n<p>&#8211; Modernizaci\u00f3n<\/p>\n<p>&#8211; Energ\u00eda.<\/p>\n","protected":false},"excerpt":{"rendered":"<p>Estos movimientos fueron oficializados a trav\u00e9s del decreto 575\/2018, que modifica la ley de ministerios y que se public\u00f3 este viernes en el Bolet\u00edn Oficial &nbsp; &nbsp; &nbsp; &nbsp; Tras los cambios de nombres en el Gabinete anunciados por el presidente Mauricio Macri durante el fin de semana, el Gobierno oficializ\u00f3 hoy modificaciones en las atribuciones de varios ministerios. &nbsp; Lo hizo a trav\u00e9s del Decreto 575\/2018, que introduce cambios en la ley de ministerios, publicadas este viernes en el Bolet\u00edn Oficial. &nbsp; De esta forma, tras el pase de&#8230;<\/p>\n","protected":false},"author":3,"featured_media":28912,"comment_status":"closed","ping_status":"closed","sticky":false,"template":"","format":"standard","meta":[],"categories":[2],"tags":[],"_links":{"self":[{"href":"https:\/\/www.actualidadadiario.com\/index.php\/wp-json\/wp\/v2\/posts\/28911"}],"collection":[{"href":"https:\/\/www.actualidadadiario.com\/index.php\/wp-json\/wp\/v2\/posts"}],"about":[{"href":"https:\/\/www.actualidadadiario.com\/index.php\/wp-json\/wp\/v2\/types\/post"}],"author":[{"embeddable":true,"href":"https:\/\/www.actualidadadiario.com\/index.php\/wp-json\/wp\/v2\/users\/3"}],"replies":[{"embeddable":true,"href":"https:\/\/www.actualidadadiario.com\/index.php\/wp-json\/wp\/v2\/comments?post=28911"}],"version-history":[{"count":1,"href":"https:\/\/www.actualidadadiario.com\/index.php\/wp-json\/wp\/v2\/posts\/28911\/revisions"}],"predecessor-version":[{"id":28913,"href":"https:\/\/www.actualidadadiario.com\/index.php\/wp-json\/wp\/v2\/posts\/28911\/revisions\/28913"}],"wp:featuredmedia":[{"embeddable":true,"href":"https:\/\/www.actualidadadiario.com\/index.php\/wp-json\/wp\/v2\/media\/28912"}],"wp:attachment":[{"href":"https:\/\/www.actualidadadiario.com\/index.php\/wp-json\/wp\/v2\/media?parent=28911"}],"wp:term":[{"taxonomy":"category","embeddable":true,"href":"https:\/\/www.actualidadadiario.com\/index.php\/wp-json\/wp\/v2\/categories?post=28911"},{"taxonomy":"post_tag","embeddable":true,"href":"https:\/\/www.actualidadadiario.com\/index.php\/wp-json\/wp\/v2\/tags?post=28911"}],"curies":[{"name":"wp","href":"https:\/\/api.w.org\/{rel}","templated":true}]}}