{"id":2891,"date":"2016-10-19T09:26:14","date_gmt":"2016-10-19T12:26:14","guid":{"rendered":"http:\/\/actualidadadiario.com\/site\/?p=2891"},"modified":"2016-10-19T09:26:14","modified_gmt":"2016-10-19T12:26:14","slug":"cumbre-tripartita-aval-oficial-bono-de-2-000-a-cambio-de-acotar-paritarias-2017","status":"publish","type":"post","link":"https:\/\/www.actualidadadiario.com\/index.php\/2016\/10\/19\/cumbre-tripartita-aval-oficial-bono-de-2-000-a-cambio-de-acotar-paritarias-2017\/","title":{"rendered":"Cumbre tripartita: aval oficial bono de $2.000 a cambio de acotar paritarias 2017"},"content":{"rendered":"<p><em><strong>Hoy, en el encuentro con empresarios y la CGT, el Gobierno apoyar\u00e1 el pedido de la central obrera a cambio de garantizarse que en negociaciones del a\u00f1o que viene no exigir\u00e1n inflaci\u00f3n pasada<\/strong><\/em><\/p>\n<p>&nbsp;<\/p>\n<p>&nbsp;<\/p>\n<p>&nbsp;<\/p>\n<p>El Gobierno, la CGT y los empresarios nucleados en el Grupo de los Seis tendr\u00e1n este mi\u00e9rcoles una reuni\u00f3n marcada por la tensi\u00f3n del reclamo sindical por un bono de fin de a\u00f1o para todos los trabajadores con &#8220;un piso de 2.000 pesos&#8221;, una oferta oficial acotada a quienes perciben la jubilaci\u00f3n m\u00ednima y la Asignaci\u00f3n Universal por Hijo y la reticencia patronal a generalizar el adicional solicitado.<\/p>\n<p>&nbsp;<\/p>\n<p>El primer encuentro del &#8220;Di\u00e1logo de la Producci\u00f3n y el Trabajo&#8221; est\u00e1 convocado para las 10 en Casa de Gobierno y se espera la presencia del jefe de Gabinete, Marcos Pe\u00f1a, el ministro de Trabajo, Jorge Triaca, y el vicejefe de Gabinete, Mario Quintana.<\/p>\n<p>&nbsp;<\/p>\n<p>Presidencia indic\u00f3 que posteriormente habr\u00e1 una conferencia de prensa en la Sala de Conferencias de la Casa de Gobierno.<\/p>\n<p>&nbsp;<\/p>\n<p>Seg\u00fan informa el diario \u00c1mbito Financiero, el Gobierno decidi\u00f3 avalar un bono universal para trabajadores del sector privado con un piso estimativo de $2.000, como plantea la CGT a cambio de impedir la reapertura de las negociaciones salariales de este a\u00f1o y, sobre todo, limitar las paritarias de 2017 a una discusi\u00f3n por la inflaci\u00f3n futura.<\/p>\n<p>&nbsp;<\/p>\n<p>Antes de la reuni\u00f3n, Macri pidi\u00f3 a la dirigencia sindical una actitud &#8220;prudente&#8221; e &#8220;inteligente&#8221;, que permita resolver &#8220;obst\u00e1culos&#8221; y de esa forma &#8220;ir generando empleo&#8221; en el pa\u00eds, en tanto Triaca advirti\u00f3 que &#8220;no se impondr\u00e1&#8221; un criterio a las provincias para el eventual pago de un bono a empleados p\u00fablicos, mientras que en el caso de los privados sostuvo que se deber\u00e1 ver &#8220;sector por sector&#8221;.<\/p>\n<p>&nbsp;<\/p>\n<p>El Presidente ten\u00eda previsto viajar a Neuqu\u00e9n hoy pero finalmente pospuso su visita y estar\u00e1 en la sede gubernamental, por lo que no se descarta que en alg\u00fan tramo del c\u00f3nclave pase a saludar a empresarios y gremialistas.<\/p>\n<p>&nbsp;<\/p>\n<p>Por la CGT concurrir\u00e1n los triunviros Carlos Acu\u00f1a, H\u00e9ctor Daer y Juan Carlos Schmid, en tanto los representantes del G-6 son Adri\u00e1n Kaufmann Brea (Uni\u00f3n Industrial Argentina), Juan Chediak (C\u00e1mara Argentina de la Construcci\u00f3n), Daniel Llamb\u00edas (ADEBA), Jorge Di Fiori (C\u00e1mara Argentina de Comercio), Claudio Cesario (ABA) y Luis Etchevehere (Sociedad Rural Argentina).<\/p>\n<p>&nbsp;<\/p>\n<p>La posici\u00f3n de la CGT fue ratificada por Acu\u00f1a, quien reclam\u00f3 &#8220;un piso de 2.000 pesos como referencia y que cada sindicato discuta con su sector&#8221;, luego de que varios referentes sindicales, entre ellos el ex secretario general de la central obrera, Hugo Moyano, considerara &#8220;insuficiente&#8221; la oferta del Gobierno.<\/p>\n<p>&nbsp;<\/p>\n<p>La semana pasada, Triaca y Quintana informaron, tras una reuni\u00f3n con sindicalistas, que el Gobierno ofrec\u00eda una suma extraordinaria de fin de a\u00f1o de 1.000 pesos para los jubilados que perciban el haber m\u00ednimo (5.661 pesos) y un monto decreciente para aquellos que superen la m\u00ednima hasta alcanzar los 6.661 pesos.<\/p>\n<p>&nbsp;<\/p>\n<p>En cuanto al impuesto a las Ganancias -cuyo proyecto para modificarlo a partir de 2017 a\u00fan no ingres\u00f3 al Congreso- se volver\u00e1 a exceptuar al medio aguinaldo de diciembre, aunque de manera parcial: no pagar\u00e1n Ganancias hasta 15.000 pesos; los empleados con salarios brutos de 30.001 a 55.000 pesos pagar\u00e1n el tributo a partir del excedente de los mencionados 15.000 pesos y quienes ganen m\u00e1s de 55.000 pesos por mes abonar\u00e1n el gravamen sin ninguno de esos beneficios.<\/p>\n<p>&nbsp;<\/p>\n<p>La oferta no sedujo a los gremialistas de la CGT, al punto que en la v\u00edspera de la reuni\u00f3n de ma\u00f1ana, Acu\u00f1a advirti\u00f3 que si las autoridades &#8220;gobiernan solo para los patrones, tendr\u00e1n el conflicto en la puerta&#8221; y alert\u00f3 que Macri se &#8220;comprometi\u00f3 a terminar con el impuesto al salario y a la pobreza cero&#8221; y ah\u00ed &#8220;est\u00e1 mintiendo&#8221;.<\/p>\n<p>&nbsp;<\/p>\n<p>Acu\u00f1a asegur\u00f3 que en &#8220;estos diez meses&#8221; de gesti\u00f3n el &#8220;Gobierno ha mostrado un perfil m\u00e1s bien patronal y esperemos que esta situaci\u00f3n se pueda revertir&#8221;.<\/p>\n<p>&nbsp;<\/p>\n<p>Con mayor dureza se expres\u00f3 Pablo Micheli, secretario general de la CTA Aut\u00f3noma, que, al igual que la liderada por Hugo Yasky, no fue convocada por el Gobierno.<\/p>\n<p>&nbsp;<\/p>\n<p>Micheli denunci\u00f3 un &#8220;pacto&#8221; entre el Gobierno y un sector de la CGT, y estim\u00f3 que &#8220;a fines&#8221; de este mes junto a organizaciones sociales y sindicales se realizar\u00e1 un paro nacional con movilizaci\u00f3n a la Plaza de Mayo.<\/p>\n<p>&nbsp;<\/p>\n<p>&#8220;En el rumbo de la econom\u00eda la verdad que lo \u00fanico que el Gobierno tiene que mostrar es que haya bajado un poco la inflaci\u00f3n, pero no ha crecido el consumo, no se han parado los despidos. Ni hablar de la inseguridad y otros flagelos&#8221;, destac\u00f3.<\/p>\n","protected":false},"excerpt":{"rendered":"<p>Hoy, en el encuentro con empresarios y la CGT, el Gobierno apoyar\u00e1 el pedido de la central obrera a cambio de garantizarse que en negociaciones del a\u00f1o que viene no exigir\u00e1n inflaci\u00f3n pasada &nbsp; &nbsp; &nbsp; El Gobierno, la CGT y los empresarios nucleados en el Grupo de los Seis tendr\u00e1n este mi\u00e9rcoles una reuni\u00f3n marcada por la tensi\u00f3n del reclamo sindical por un bono de fin de a\u00f1o para todos los trabajadores con &#8220;un piso de 2.000 pesos&#8221;, una oferta oficial acotada a quienes perciben la jubilaci\u00f3n m\u00ednima y&#8230;<\/p>\n","protected":false},"author":3,"featured_media":2892,"comment_status":"closed","ping_status":"closed","sticky":false,"template":"","format":"standard","meta":[],"categories":[18],"tags":[],"_links":{"self":[{"href":"https:\/\/www.actualidadadiario.com\/index.php\/wp-json\/wp\/v2\/posts\/2891"}],"collection":[{"href":"https:\/\/www.actualidadadiario.com\/index.php\/wp-json\/wp\/v2\/posts"}],"about":[{"href":"https:\/\/www.actualidadadiario.com\/index.php\/wp-json\/wp\/v2\/types\/post"}],"author":[{"embeddable":true,"href":"https:\/\/www.actualidadadiario.com\/index.php\/wp-json\/wp\/v2\/users\/3"}],"replies":[{"embeddable":true,"href":"https:\/\/www.actualidadadiario.com\/index.php\/wp-json\/wp\/v2\/comments?post=2891"}],"version-history":[{"count":1,"href":"https:\/\/www.actualidadadiario.com\/index.php\/wp-json\/wp\/v2\/posts\/2891\/revisions"}],"predecessor-version":[{"id":2893,"href":"https:\/\/www.actualidadadiario.com\/index.php\/wp-json\/wp\/v2\/posts\/2891\/revisions\/2893"}],"wp:featuredmedia":[{"embeddable":true,"href":"https:\/\/www.actualidadadiario.com\/index.php\/wp-json\/wp\/v2\/media\/2892"}],"wp:attachment":[{"href":"https:\/\/www.actualidadadiario.com\/index.php\/wp-json\/wp\/v2\/media?parent=2891"}],"wp:term":[{"taxonomy":"category","embeddable":true,"href":"https:\/\/www.actualidadadiario.com\/index.php\/wp-json\/wp\/v2\/categories?post=2891"},{"taxonomy":"post_tag","embeddable":true,"href":"https:\/\/www.actualidadadiario.com\/index.php\/wp-json\/wp\/v2\/tags?post=2891"}],"curies":[{"name":"wp","href":"https:\/\/api.w.org\/{rel}","templated":true}]}}