{"id":28902,"date":"2018-06-22T10:37:12","date_gmt":"2018-06-22T13:37:12","guid":{"rendered":"https:\/\/www.actualidadadiario.com\/?p=28902"},"modified":"2018-11-06T19:43:30","modified_gmt":"2018-11-06T22:43:30","slug":"segun-el-indec-el-desempleo-alcanzo-el-91-en-el-primer-trimestre","status":"publish","type":"post","link":"https:\/\/www.actualidadadiario.com\/index.php\/2018\/06\/22\/segun-el-indec-el-desempleo-alcanzo-el-91-en-el-primer-trimestre\/","title":{"rendered":"Seg\u00fan el INDEC, el desempleo alcanz\u00f3 el 9,1% en el primer trimestre"},"content":{"rendered":"<p><em><strong>As\u00ed lo determin\u00f3 el Instituto Nacional de Estad\u00edstica y Censos. Este n\u00famero muestra una leve baja en referencia al mismo per\u00edodo del a\u00f1o pasado<\/strong><\/em><\/p>\n<p>&nbsp;<\/p>\n<p>&nbsp;<\/p>\n<p>&nbsp;<\/p>\n<p>&nbsp;<\/p>\n<p>La tasa de desempleo baj\u00f3 al t\u00e9rmino del primer trimestre de este a\u00f1o a 9,1%, frente al 9,2% en igual per\u00edodo del a\u00f1o pasado, inform\u00f3 el Instituto Nacional de Estad\u00edstica y Censos (Indec).<\/p>\n<p>&nbsp;<\/p>\n<p>Esta leve baja, seg\u00fan el INDEC, se debi\u00f3 a que el Producto Bruto Interno (PBI) creciera 3,6% entre ambas mediciones.<\/p>\n<p>&nbsp;<\/p>\n<p>Estos datos no ser\u00edan los esperados por el Gobierno puesto que la expectativa del macrismo era que el n\u00famero bajase hasta el 8,5% aproximadamente.<\/p>\n<p>&nbsp;<\/p>\n<p>El \u00edndice de subocupaci\u00f3n, es decir, el de personas que trabajan menos de 35 horas semanales, lleg\u00f3 al 9,8%.<\/p>\n<p>&nbsp;<\/p>\n<p>El desempleo afecta al 10,6% de las mujeres (en el primer trimestre de 2017 hab\u00eda sido de 10,2%) mientras que en los varones esa cifra asciende al 8%, lo cual significa un 0,5% menos en referencia al primer trimestre del a\u00f1o pasado.<\/p>\n<p>&nbsp;<\/p>\n<p>Entre los ocupados, el 18% pertenecen al comercio, el 11,7% en la industria, y el 10,7% en servicios financieros, alquiler y empresariales.<\/p>\n<p>&nbsp;<\/p>\n<p>El resto corresponde a un 8,6% en la construcci\u00f3n; el 8,6% en la administraci\u00f3n p\u00fablica, defensa y seguridad social; 8,1% en ense\u00f1anza; 7,3% corresponde a servicio dom\u00e9stico.<\/p>\n","protected":false},"excerpt":{"rendered":"<p>As\u00ed lo determin\u00f3 el Instituto Nacional de Estad\u00edstica y Censos. Este n\u00famero muestra una leve baja en referencia al mismo per\u00edodo del a\u00f1o pasado &nbsp; &nbsp; &nbsp; &nbsp; La tasa de desempleo baj\u00f3 al t\u00e9rmino del primer trimestre de este a\u00f1o a 9,1%, frente al 9,2% en igual per\u00edodo del a\u00f1o pasado, inform\u00f3 el Instituto Nacional de Estad\u00edstica y Censos (Indec). &nbsp; Esta leve baja, seg\u00fan el INDEC, se debi\u00f3 a que el Producto Bruto Interno (PBI) creciera 3,6% entre ambas mediciones. &nbsp; Estos datos no ser\u00edan los esperados por&#8230;<\/p>\n","protected":false},"author":3,"featured_media":28903,"comment_status":"closed","ping_status":"closed","sticky":false,"template":"","format":"standard","meta":[],"categories":[9,2],"tags":[],"_links":{"self":[{"href":"https:\/\/www.actualidadadiario.com\/index.php\/wp-json\/wp\/v2\/posts\/28902"}],"collection":[{"href":"https:\/\/www.actualidadadiario.com\/index.php\/wp-json\/wp\/v2\/posts"}],"about":[{"href":"https:\/\/www.actualidadadiario.com\/index.php\/wp-json\/wp\/v2\/types\/post"}],"author":[{"embeddable":true,"href":"https:\/\/www.actualidadadiario.com\/index.php\/wp-json\/wp\/v2\/users\/3"}],"replies":[{"embeddable":true,"href":"https:\/\/www.actualidadadiario.com\/index.php\/wp-json\/wp\/v2\/comments?post=28902"}],"version-history":[{"count":1,"href":"https:\/\/www.actualidadadiario.com\/index.php\/wp-json\/wp\/v2\/posts\/28902\/revisions"}],"predecessor-version":[{"id":28904,"href":"https:\/\/www.actualidadadiario.com\/index.php\/wp-json\/wp\/v2\/posts\/28902\/revisions\/28904"}],"wp:featuredmedia":[{"embeddable":true,"href":"https:\/\/www.actualidadadiario.com\/index.php\/wp-json\/wp\/v2\/media\/28903"}],"wp:attachment":[{"href":"https:\/\/www.actualidadadiario.com\/index.php\/wp-json\/wp\/v2\/media?parent=28902"}],"wp:term":[{"taxonomy":"category","embeddable":true,"href":"https:\/\/www.actualidadadiario.com\/index.php\/wp-json\/wp\/v2\/categories?post=28902"},{"taxonomy":"post_tag","embeddable":true,"href":"https:\/\/www.actualidadadiario.com\/index.php\/wp-json\/wp\/v2\/tags?post=28902"}],"curies":[{"name":"wp","href":"https:\/\/api.w.org\/{rel}","templated":true}]}}