{"id":2888,"date":"2016-10-19T09:25:28","date_gmt":"2016-10-19T12:25:28","guid":{"rendered":"http:\/\/actualidadadiario.com\/site\/?p=2888"},"modified":"2016-10-19T09:25:28","modified_gmt":"2016-10-19T12:25:28","slug":"quiero-exhortar-a-los-jueces-a-que-piensen-con-perspectiva-de-genero","status":"publish","type":"post","link":"https:\/\/www.actualidadadiario.com\/index.php\/2016\/10\/19\/quiero-exhortar-a-los-jueces-a-que-piensen-con-perspectiva-de-genero\/","title":{"rendered":"&#8220;Quiero exhortar a los jueces a que piensen con perspectiva de g\u00e9nero&#8221;"},"content":{"rendered":"<p><em><strong>La vicepresidenta de la Corte Suprema de la Naci\u00f3n, Elena Highton de Nolasco, se pronunci\u00f3 sobre el primer paro y movilizaci\u00f3n de mujeres que tendr\u00e1 lugar este mi\u00e9rcoles en todo el pa\u00eds en reclamo contra la violencia de g\u00e9nero y los femicidios y le habl\u00f3 a los magistrados que tienen causas que involucran violencia hacia la mujer: &#8220;Quiero exhortar a los jueces a que piensen con perspectiva de g\u00e9nero&#8221;, sostuvo en un video subido a la web del Centro de Informaci\u00f3n Judicial<\/strong><\/em><\/p>\n<p>&nbsp;<\/p>\n<p>&nbsp;<\/p>\n<p>&nbsp;<\/p>\n<p>&nbsp;<\/p>\n<p>&nbsp;<\/p>\n<p>La \u00fanica mujer integrante del m\u00e1ximo tribunal judicial sostuvo que &#8220;no hay excusa para violencia dom\u00e9stica, ni para ninguna violencia&#8221;, recalc\u00f3 que &#8220;no puede haber m\u00e1s femicidios&#8221; y record\u00f3 que s\u00f3lo contando octubre &#8220;hubo 19 femicidios en 17 d\u00edas, m\u00e1s de uno por d\u00eda&#8221;. &#8220;Que consideren los casos, que no piensen que es una nimiedad el hecho de pelearse en la casa como algo que debe ocurrir y que es normal. Esto no es as\u00ed y no se puede aceptar&#8221;, replic\u00f3 a los magistrados.<\/p>\n<p>&nbsp;<\/p>\n<p>En el mismo sentido, apunt\u00f3 a que se trata de un problema cultural ya que &#8220;la cultura sigue siendo machista&#8221;. La marcha y el paro nacional de mujeres convocado por diversas organizaciones sociales ocurre tras el femicidio de Luc\u00eda P\u00e9rez en Mar del Plata, que conmocion\u00f3 no s\u00f3lo a la ciudad costera sino a todo el pa\u00eds. &#8220;Se est\u00e1 marchando contra la violencia, contra los femicidios&#8221;, apunt\u00f3 Highton de Nolasco, reivindicando la convocatoria de este mi\u00e9rcoles.<\/p>\n<p>&nbsp;<\/p>\n<p>Por otro lado, se refiri\u00f3 a la actitud de la Corte Suprema con respecto a la violencia de g\u00e9nero y los femicidios al se\u00f1alar que &#8220;la Corte hace muchos esfuerzos con la oficia de violencia domestica donde se atienden m\u00e1s de 1000 casos por mes de violencia, casos atendidos, considerados y mandados a los tribunales civiles, penales, mas tambi\u00e9n la oficina de la mujer donde se trabaja mucho en capacitar en perspectiva de g\u00e9nero&#8221;.<\/p>\n<p>&nbsp;<\/p>\n<p>Si bien la oficina atiende tanto a hombres como a mujeres, el 80% de los llamados y las denuncias son realizadas por ellas y &#8220;est\u00e1 claro que la violencia es de g\u00e9nero&#8221;, dijo y agreg\u00f3: &#8220;No hay excusa para la violencia&#8221;.<\/p>\n","protected":false},"excerpt":{"rendered":"<p>La vicepresidenta de la Corte Suprema de la Naci\u00f3n, Elena Highton de Nolasco, se pronunci\u00f3 sobre el primer paro y movilizaci\u00f3n de mujeres que tendr\u00e1 lugar este mi\u00e9rcoles en todo el pa\u00eds en reclamo contra la violencia de g\u00e9nero y los femicidios y le habl\u00f3 a los magistrados que tienen causas que involucran violencia hacia la mujer: &#8220;Quiero exhortar a los jueces a que piensen con perspectiva de g\u00e9nero&#8221;, sostuvo en un video subido a la web del Centro de Informaci\u00f3n Judicial &nbsp; &nbsp; &nbsp; &nbsp; &nbsp; La \u00fanica mujer&#8230;<\/p>\n","protected":false},"author":3,"featured_media":2889,"comment_status":"closed","ping_status":"closed","sticky":false,"template":"","format":"standard","meta":[],"categories":[18],"tags":[],"_links":{"self":[{"href":"https:\/\/www.actualidadadiario.com\/index.php\/wp-json\/wp\/v2\/posts\/2888"}],"collection":[{"href":"https:\/\/www.actualidadadiario.com\/index.php\/wp-json\/wp\/v2\/posts"}],"about":[{"href":"https:\/\/www.actualidadadiario.com\/index.php\/wp-json\/wp\/v2\/types\/post"}],"author":[{"embeddable":true,"href":"https:\/\/www.actualidadadiario.com\/index.php\/wp-json\/wp\/v2\/users\/3"}],"replies":[{"embeddable":true,"href":"https:\/\/www.actualidadadiario.com\/index.php\/wp-json\/wp\/v2\/comments?post=2888"}],"version-history":[{"count":1,"href":"https:\/\/www.actualidadadiario.com\/index.php\/wp-json\/wp\/v2\/posts\/2888\/revisions"}],"predecessor-version":[{"id":2890,"href":"https:\/\/www.actualidadadiario.com\/index.php\/wp-json\/wp\/v2\/posts\/2888\/revisions\/2890"}],"wp:featuredmedia":[{"embeddable":true,"href":"https:\/\/www.actualidadadiario.com\/index.php\/wp-json\/wp\/v2\/media\/2889"}],"wp:attachment":[{"href":"https:\/\/www.actualidadadiario.com\/index.php\/wp-json\/wp\/v2\/media?parent=2888"}],"wp:term":[{"taxonomy":"category","embeddable":true,"href":"https:\/\/www.actualidadadiario.com\/index.php\/wp-json\/wp\/v2\/categories?post=2888"},{"taxonomy":"post_tag","embeddable":true,"href":"https:\/\/www.actualidadadiario.com\/index.php\/wp-json\/wp\/v2\/tags?post=2888"}],"curies":[{"name":"wp","href":"https:\/\/api.w.org\/{rel}","templated":true}]}}