{"id":28866,"date":"2018-06-21T10:55:51","date_gmt":"2018-06-21T13:55:51","guid":{"rendered":"https:\/\/www.actualidadadiario.com\/?p=28866"},"modified":"2018-11-06T19:43:31","modified_gmt":"2018-11-06T22:43:31","slug":"pepe-mujica-visita-hoy-a-luiz-inacio-lula-da-silva-en-prision","status":"publish","type":"post","link":"https:\/\/www.actualidadadiario.com\/index.php\/2018\/06\/21\/pepe-mujica-visita-hoy-a-luiz-inacio-lula-da-silva-en-prision\/","title":{"rendered":"Pepe Mujica visita hoy a Luiz In\u00e1cio Lula da Silva en prisi\u00f3n"},"content":{"rendered":"<p><em><b>El ex presidente\u00a0uruguayo Jos\u00e9 &#8216;Pepe&#8217; Mujica visitar\u00e1 hoy a Luiz In\u00e1cio Lula da Silva en la prisi\u00f3n en la que el ex jefe\u00a0de Estado de Brasil est\u00e1 detenido desde el 7 de abril<\/b><\/em><\/p>\n<p>&nbsp;<\/p>\n<p>&nbsp;<\/p>\n<p>&nbsp;<\/p>\n<p>&nbsp;<\/p>\n<p>El expresidente uruguayo Jos\u00e9 &#8220;Pepe&#8221; Mujica visitar\u00e1 hoy a Luiz In\u00e1cio Lula da Silva en la prisi\u00f3n en la que el exjefe de Estado de Brasil est\u00e1 detenido desde el 7 de abril condenado a 12 a\u00f1os y un mes de prisi\u00f3n por corrupci\u00f3n en la Operaci\u00f3n Lava Jato. La visita al candidato favorito en las encuestas para las elecciones generales de octubre fue confirmada este mi\u00e9rcoles por el Partido de los Trabajadores (PT), citado por EFE.<\/p>\n<p>&nbsp;<\/p>\n<p>Mujica asistir\u00e1 en compa\u00f1\u00eda de la senadora Gleisi Hoffmann, presidenta del PT, donde se encuentra el lugar de reclusi\u00f3n, una celda que fue especialmente adaptada para Lula, indic\u00f3 la fuente. Tras la conversaci\u00f3n entre los exmandatarios, &#8220;Mujica llevar\u00e1 un mensaje de su amigo&#8221; a los seguidores de Lula que viven desde hace varias semanas en un campamento pr\u00f3ximo a la edificio policial, aclar\u00f3 el comunicado del PT.<\/p>\n<p>&nbsp;<\/p>\n<p>Adem\u00e1s, el Partido record\u00f3 que Mujica particip\u00f3 en marzo en un evento pol\u00edtico con Lula en una ciudad en la frontera entre Brasil y Uruguay en el marco de una caravana electoral que el expresidente brasile\u00f1o hizo por varias ciudades. La visita ocurre a pocos d\u00edas, el pr\u00f3ximo martes 26 de junio, en que la corte suprema de Brasil tratar\u00e1 otro pedido de liberaci\u00f3n de Lula da Silva.<\/p>\n<p>&nbsp;<\/p>\n<p>El expresidente brasile\u00f1o Luiz In\u00e1cio Lula da Silva dijo que en su pa\u00eds se vive una \u00e9poca de denuncias sin pruebas, siendo estas las primeras declaraciones p\u00fablicas realizadas tras su detenci\u00f3n para cumplir una condena por corrupci\u00f3n y lavado de dinero. &#8220;Vivimos un momento de denuncismo&#8221;, afirm\u00f3 hoy el ex gobernante del Partido de los Trabajadores (PT) durante una videoconferencia con el juez Marcelo Bretas, de la Justicia Federal de R\u00edo de Janeiro.<\/p>\n<p>&nbsp;<\/p>\n<p>&#8220;Mi compromiso es con la verdad, porque dudo que haya alg\u00fan brasile\u00f1o que busque la verdad m\u00e1s que yo&#8221;, asever\u00f3 Lula desde la prisi\u00f3n en la sure\u00f1a ciudad de Curitiba. Marcelo Bretas, quien es el responsable del cap\u00edtulo carioca de la causa Lava Jato, lo indag\u00f3 sobre la presunta compra de votos para la elecci\u00f3n de R\u00edo de Janeiro como sede de los Juegos Ol\u00edmpicos de 2016.<\/p>\n","protected":false},"excerpt":{"rendered":"<p>El ex presidente\u00a0uruguayo Jos\u00e9 &#8216;Pepe&#8217; Mujica visitar\u00e1 hoy a Luiz In\u00e1cio Lula da Silva en la prisi\u00f3n en la que el ex jefe\u00a0de Estado de Brasil est\u00e1 detenido desde el 7 de abril &nbsp; &nbsp; &nbsp; &nbsp; El expresidente uruguayo Jos\u00e9 &#8220;Pepe&#8221; Mujica visitar\u00e1 hoy a Luiz In\u00e1cio Lula da Silva en la prisi\u00f3n en la que el exjefe de Estado de Brasil est\u00e1 detenido desde el 7 de abril condenado a 12 a\u00f1os y un mes de prisi\u00f3n por corrupci\u00f3n en la Operaci\u00f3n Lava Jato. La visita al candidato&#8230;<\/p>\n","protected":false},"author":3,"featured_media":28867,"comment_status":"closed","ping_status":"closed","sticky":false,"template":"","format":"standard","meta":[],"categories":[4],"tags":[],"_links":{"self":[{"href":"https:\/\/www.actualidadadiario.com\/index.php\/wp-json\/wp\/v2\/posts\/28866"}],"collection":[{"href":"https:\/\/www.actualidadadiario.com\/index.php\/wp-json\/wp\/v2\/posts"}],"about":[{"href":"https:\/\/www.actualidadadiario.com\/index.php\/wp-json\/wp\/v2\/types\/post"}],"author":[{"embeddable":true,"href":"https:\/\/www.actualidadadiario.com\/index.php\/wp-json\/wp\/v2\/users\/3"}],"replies":[{"embeddable":true,"href":"https:\/\/www.actualidadadiario.com\/index.php\/wp-json\/wp\/v2\/comments?post=28866"}],"version-history":[{"count":1,"href":"https:\/\/www.actualidadadiario.com\/index.php\/wp-json\/wp\/v2\/posts\/28866\/revisions"}],"predecessor-version":[{"id":28868,"href":"https:\/\/www.actualidadadiario.com\/index.php\/wp-json\/wp\/v2\/posts\/28866\/revisions\/28868"}],"wp:featuredmedia":[{"embeddable":true,"href":"https:\/\/www.actualidadadiario.com\/index.php\/wp-json\/wp\/v2\/media\/28867"}],"wp:attachment":[{"href":"https:\/\/www.actualidadadiario.com\/index.php\/wp-json\/wp\/v2\/media?parent=28866"}],"wp:term":[{"taxonomy":"category","embeddable":true,"href":"https:\/\/www.actualidadadiario.com\/index.php\/wp-json\/wp\/v2\/categories?post=28866"},{"taxonomy":"post_tag","embeddable":true,"href":"https:\/\/www.actualidadadiario.com\/index.php\/wp-json\/wp\/v2\/tags?post=28866"}],"curies":[{"name":"wp","href":"https:\/\/api.w.org\/{rel}","templated":true}]}}