{"id":28854,"date":"2018-06-21T10:52:29","date_gmt":"2018-06-21T13:52:29","guid":{"rendered":"https:\/\/www.actualidadadiario.com\/?p=28854"},"modified":"2018-11-06T19:43:35","modified_gmt":"2018-11-06T22:43:35","slug":"aborto-senador-peronista-dijo-que-modifico-su-postura-contraria","status":"publish","type":"post","link":"https:\/\/www.actualidadadiario.com\/index.php\/2018\/06\/21\/aborto-senador-peronista-dijo-que-modifico-su-postura-contraria\/","title":{"rendered":"Aborto: senador peronista dijo que modific\u00f3 su postura contraria"},"content":{"rendered":"<p><em><strong>Es Julio C\u00e9sar Catal\u00e1n Magni y explic\u00f3 que lleg\u00f3 a esa conclusi\u00f3n luego de &#8220;escuchar&#8221; el debate que termin\u00f3 con la media sanci\u00f3n del proyecto tratado por la c\u00e1mara de Diputados<\/strong><\/em><\/p>\n<p>&nbsp;<\/p>\n<p>&nbsp;<\/p>\n<p>&nbsp;<\/p>\n<p>&nbsp;<\/p>\n<p>El senador peronista Julio C\u00e9sar Catal\u00e1n Magni confirm\u00f3 que modific\u00f3 su posici\u00f3n contraria a la legalizaci\u00f3n del aborto luego de &#8220;escuchar&#8221; el debate que termin\u00f3 con la media sanci\u00f3n del proyecto tratado por la c\u00e1mara de Diputados.<\/p>\n<p>&nbsp;<\/p>\n<p>&#8220;Vamos a acompa\u00f1ar la legalizaci\u00f3n del aborto. Cambi\u00e9 mi opini\u00f3n escuchando y no soy legislador de una mirada de la Iglesia, soy legislador de la mayor\u00eda&#8221;, afirm\u00f3 Catal\u00e1n Magni.<\/p>\n<p>&nbsp;<\/p>\n<p>En declaraciones a radio Concepto, el senador fueguino sostuvo que en el debate parlamentario \u201cel bien de la mayor\u00eda debe pesar m\u00e1s que la opini\u00f3n personal&#8221;.<\/p>\n<p>&nbsp;<\/p>\n<p>&#8220;No podemos estar negando una realidad que ya existe&#8221;, consider\u00f3 el legislador patag\u00f3nico, al justificar su respaldo al proyecto que legaliza la interrupci\u00f3n voluntaria del embarazo.<\/p>\n","protected":false},"excerpt":{"rendered":"<p>Es Julio C\u00e9sar Catal\u00e1n Magni y explic\u00f3 que lleg\u00f3 a esa conclusi\u00f3n luego de &#8220;escuchar&#8221; el debate que termin\u00f3 con la media sanci\u00f3n del proyecto tratado por la c\u00e1mara de Diputados &nbsp; &nbsp; &nbsp; &nbsp; El senador peronista Julio C\u00e9sar Catal\u00e1n Magni confirm\u00f3 que modific\u00f3 su posici\u00f3n contraria a la legalizaci\u00f3n del aborto luego de &#8220;escuchar&#8221; el debate que termin\u00f3 con la media sanci\u00f3n del proyecto tratado por la c\u00e1mara de Diputados. &nbsp; &#8220;Vamos a acompa\u00f1ar la legalizaci\u00f3n del aborto. Cambi\u00e9 mi opini\u00f3n escuchando y no soy legislador de una&#8230;<\/p>\n","protected":false},"author":3,"featured_media":28855,"comment_status":"closed","ping_status":"closed","sticky":false,"template":"","format":"standard","meta":[],"categories":[18],"tags":[],"_links":{"self":[{"href":"https:\/\/www.actualidadadiario.com\/index.php\/wp-json\/wp\/v2\/posts\/28854"}],"collection":[{"href":"https:\/\/www.actualidadadiario.com\/index.php\/wp-json\/wp\/v2\/posts"}],"about":[{"href":"https:\/\/www.actualidadadiario.com\/index.php\/wp-json\/wp\/v2\/types\/post"}],"author":[{"embeddable":true,"href":"https:\/\/www.actualidadadiario.com\/index.php\/wp-json\/wp\/v2\/users\/3"}],"replies":[{"embeddable":true,"href":"https:\/\/www.actualidadadiario.com\/index.php\/wp-json\/wp\/v2\/comments?post=28854"}],"version-history":[{"count":1,"href":"https:\/\/www.actualidadadiario.com\/index.php\/wp-json\/wp\/v2\/posts\/28854\/revisions"}],"predecessor-version":[{"id":28856,"href":"https:\/\/www.actualidadadiario.com\/index.php\/wp-json\/wp\/v2\/posts\/28854\/revisions\/28856"}],"wp:featuredmedia":[{"embeddable":true,"href":"https:\/\/www.actualidadadiario.com\/index.php\/wp-json\/wp\/v2\/media\/28855"}],"wp:attachment":[{"href":"https:\/\/www.actualidadadiario.com\/index.php\/wp-json\/wp\/v2\/media?parent=28854"}],"wp:term":[{"taxonomy":"category","embeddable":true,"href":"https:\/\/www.actualidadadiario.com\/index.php\/wp-json\/wp\/v2\/categories?post=28854"},{"taxonomy":"post_tag","embeddable":true,"href":"https:\/\/www.actualidadadiario.com\/index.php\/wp-json\/wp\/v2\/tags?post=28854"}],"curies":[{"name":"wp","href":"https:\/\/api.w.org\/{rel}","templated":true}]}}