{"id":28851,"date":"2018-06-21T10:51:51","date_gmt":"2018-06-21T13:51:51","guid":{"rendered":"https:\/\/www.actualidadadiario.com\/?p=28851"},"modified":"2018-11-06T19:43:35","modified_gmt":"2018-11-06T22:43:35","slug":"el-gobierno-tiene-su-plan-de-ajuste-para-las-provincias-menos-obra-publica-y-fondos","status":"publish","type":"post","link":"https:\/\/www.actualidadadiario.com\/index.php\/2018\/06\/21\/el-gobierno-tiene-su-plan-de-ajuste-para-las-provincias-menos-obra-publica-y-fondos\/","title":{"rendered":"El Gobierno tiene su plan de ajuste para las provincias: menos obra p\u00fablica y fondos"},"content":{"rendered":"<p><em><strong>La baja del d\u00e9ficit genera tensiones con los gobernadores y tambi\u00e9n en la Rosada. Promesa de no tocar el gasto social. Amena de prorrogar el presupuesto 2018<\/strong><\/em><\/p>\n<p>&nbsp;<\/p>\n<p>&nbsp;<\/p>\n<p>&nbsp;<\/p>\n<p>&nbsp;<\/p>\n<p>Menos obra p\u00fablica, menos partidas discrecionales para las provincias, menos gastos operativos del Estado y paritarias acotadas conforman la hoja de ruta que el Gobierno traz\u00f3 para reducir el d\u00e9ficit y cumplir el compromiso con el Fondo Monetario Internacional (FMI). \u201cEs un poco de todo sin tocar el gasto social\u201d, sostienen en el fortalecido Ministerio de Hacienda.<\/p>\n<p>&nbsp;<\/p>\n<p>En las \u00faltimas semanas, sin embargo, en varios despachos oficiales se repiti\u00f3 como un mantra que los gobernadores deber\u00edan acompa\u00f1ar los esfuerzos del Gobierno y ajustar sus propios n\u00fameros. Varios gobernadores indignados levantaron el tel\u00e9fono y llamaron a la Casa Rosada. Insistieron en los \u00faltimos d\u00edas con un proyecto que el propio Ejecutivo ofreci\u00f3 a la oposici\u00f3n para que bajara el proyecto antitarifas: trasladar el control de las concesiones el\u00e9ctricas Edesur y Edenor a la ciudad de Buenos Aires y a la Provincia. Esa idea gener\u00f3 malestar cerca de Horacio Rodr\u00edguez Larreta y Mar\u00eda Eugenia Vidal. &#8220;Nos eligieron para dejar un Provincia viable y el PJ hace esto&#8221;, se quejaron cerca de la gobernadora bonaerense.<\/p>\n<p>&nbsp;<\/p>\n<p>Por las dudas, en el Ejecutivo se atajan. \u201cLas provincias no van a compartir ning\u00fan ajuste. Eso es una pavada que sali\u00f3 de Hacienda\u201d, dijo -con palabras menos elegantes- uno de los principales negociadores oficiales con los gobernadores y el peronismo. \u201cEl Fondo no pide que ajustemos nada en la provincias, solo pide que el d\u00e9ficit sea de 1,3 por ciento. Es un numerito. Y vamos a llegar como tengamos que llegar\u201d, sentenciaron en el Ministerio del Interior.<\/p>\n<p>&nbsp;<\/p>\n<p>Uno de los funcionarios que viaj\u00f3 a Washington a negociar el cr\u00e9dito de US$ 50 mil millones rechaz\u00f3 la imputaci\u00f3n y habl\u00f3 de malentendido, pero reconoci\u00f3 que s\u00ed le extendieron a los delegados de Christine Lagarde una proyecci\u00f3n de los presupuestos provinciales, en el que se aprecia una reducci\u00f3n de gastos de las administraciones provinciales. \u201cEs una proyecci\u00f3n de ejecuci\u00f3n fiscal de las provincias estimado en funci\u00f3n de que cumplan el pacto de responsabilidad fiscal\u201d, precis\u00f3 el funcionario.<\/p>\n<p>&nbsp;<\/p>\n<p>Nicol\u00e1s Dujovne y Rogelio Frigerio coinciden en que ser\u00e1 necesario acelerar la reducci\u00f3n de los env\u00edos de fondos discrecionales a las provincias, un camino que el Ejecutivo ya hab\u00eda empezado a recorrer. La mayor\u00eda de los gobernadores deber\u00e1n valerse con las transferencias autom\u00e1ticas que crecieron exponencialmente en comparaci\u00f3n a los \u00faltimos a\u00f1os, por convicci\u00f3n y principios, por el fallo de la Corte Suprema y por necesidad pol\u00edtica. El Ejecutivo env\u00eda $ 200 mil millones de fondos autom\u00e1ticos m\u00e1s que el Gobierno anterior. \u201cLas provincias que peor est\u00e1n son las que m\u00e1s recibieron durante el kirchnerismo. Las m\u00e1s ordenadas son las que menos recibieron\u201d, razonan cerca del virtual ministro de Econom\u00eda.<\/p>\n<p>&nbsp;<\/p>\n<p>De todos modos, hay coincidencias. Jujuy era con Cristina Kirchner y sigue siendo con Mauricio Macri uno de los distritos m\u00e1s \u201cprivilegiados\u201d. \u201cLas proporciones de aportes ahora variar\u00e1n. Algunos gobernadores se hab\u00edan acostumbrado a contar con un presupuesto aparte a trav\u00e9s de las transferencias. Como m\u00e1ximo, los aportes podr\u00e1n equivaler al 20% del presupuesto provincial\u201d, calculaban en Hacienda.<\/p>\n<p>&nbsp;<\/p>\n<p>En la Casa Rosada conf\u00edan en que las provincias patag\u00f3nicas -de las m\u00e1s dependientes de Naci\u00f3n- se equilibraron gracias a las paritarias cero. Esta semana el gobernador de Chubut Mariano Arcioni amenaz\u00f3 con declararse en default, lo que menos necesita la Casa Rosada en estos d\u00edas.<\/p>\n<p>&nbsp;<\/p>\n<p>Los gobernadores y Naci\u00f3n estudian qu\u00e9 obras nacionales privilegiar. Un ministro que responde al jefe de Gabinete Marcos Pe\u00f1a repet\u00eda alegremente que la merma de obras nacionales podr\u00eda cubrirse con los nuevos proyectos de Participaci\u00f3n P\u00fablico Privado (PPP).<\/p>\n<p>&nbsp;<\/p>\n<p>Pero otro integrante del Gabinete con peso propio lo neg\u00f3 rotundamente. \u201cLas PPP tienen atractivo para el centro del pa\u00eds. Una obra en Catamarca no seduce a los inversores, no tiene retorno\u201d, explicaba. S\u00ed esperan -en Interior afirman que ya es as\u00ed- que los gobernadores absorban obras. En Jefatura de Gabinete esperan que tomen cr\u00e9dito ante organismos multilaterales, como la CAF o el BID. \u201cHay cosas sin sentido que no podemos hacer m\u00e1s, que el Estado se endeude para financiar obras provinciales que no se terminan de hacer y nos quedamos con la deuda\u201d, explic\u00f3 un secretario del \u00e1rea econ\u00f3mica.<\/p>\n<p>&nbsp;<\/p>\n<p>Programas nacionales que se tramitan a trav\u00e9s de las provincias est\u00e1n en revisi\u00f3n, incluidas las pensiones por discapacidad. Los subsidios y las empresas estatales que supervisa Gustavo Lopetegui tambi\u00e9n sufrir\u00e1n dr\u00e1sticos recortes.<\/p>\n<p>&nbsp;<\/p>\n<p>En el Gabinete explican que el ajuste ser\u00e1 menor en 2019 en comparaci\u00f3n a 2018. &#8220;Bajamos un 0,2% m\u00e1s este a\u00f1o que lo previsto para el a\u00f1o que viene&#8221;, dijo un ministro. El razonamiento es algo enga\u00f1oso, porque se calcula en funci\u00f3n al PBI y al crecimiento de \u00e9ste, estimado en 1,5 puntos para el a\u00f1o que viene.<\/p>\n<p>&nbsp;<\/p>\n<p>En el ala pol\u00edtica y en la econ\u00f3mica est\u00e1n seguros de que la devaluaci\u00f3n del peso no ayudar\u00e1 a licuar los gastos del Estado. La inflaci\u00f3n que traer\u00eda aparejada mejorar\u00eda la recaudaci\u00f3n en el corto plazo, pero nadie quiere cambiar el \u00edndice que m\u00e1s le preocupa a Macri.<\/p>\n<p>&nbsp;<\/p>\n<p>El Presidente descart\u00f3 firmar un decreto para que ning\u00fan funcionario del Ejecutivo cobre un sueldo m\u00e1s alto que el suyo. \u201cSon nada m\u00e1s que mil funcionarios de organismos descentralizados, era demasiado que firmara un decreto\u201d, explicaron sus colaboradores. La negociaci\u00f3n paritaria en AFIP -uno de esos entes- y el recorte en algunas dependencias provinciales tambi\u00e9n dilataron esa decisi\u00f3n pol\u00edtica.<\/p>\n<p>&nbsp;<\/p>\n<p>El ministro de Modernizaci\u00f3n Andr\u00e9s Ibarra tiene en la mira a esos organismos. Creen que es uno de los pocos lugares donde tiene margen para recortar personal, en medio de los rumores de despidos en la agencia estatal T\u00e9lam. Pero relativizan el impacto fiscal de esas medidas \u201cSi se fueran todos los empleados y funcionarios del Estado y quedara solo Macri, el presupuesto solo bajar\u00eda el 11%\u201d, reflexionan en el Ejecutivo. Desde que asumi\u00f3 Macri, alrededor de 50 mil empleados se fueron del Ejecutivo e ingresaron cerca de 20 mil. En Modernizaci\u00f3n creen que -en ese sentido- tienen m\u00e1s para \u201caportar a la causa\u201d en la Justicia, en el Congreso y en las provincias y municipios. Frigerio lo niega. \u201cNosotros vamos a asumir los costos\u201d, sostiene en la intimidad. El ministro pol\u00edtico no quiere tensar la relaci\u00f3n con los gobernadores antes de discutir el ajuste que se reflejar\u00e1 en el Presupuesto 2019.<\/p>\n<p>&nbsp;<\/p>\n<p>Si no hay acuerdo, el Gobierno prorrogar\u00e1 el de este a\u00f1o. \u201cVamos a cumplir el 1,3% con o sin el presupuesto\u201d, afirman en Balcarce 50. A los negociadores argentinos ante el FMI se les eriza la piel. \u201cInstitucionalmente no es bueno, no le sirve a nadie\u201d, se lamentan.<\/p>\n<p>&nbsp;<\/p>\n<p>En la Casa Rosada prefieren no presionar a los gobernadores, que ya demostraron en diferentes votaciones que no pueden asegurar el voto de los legisladores de sus provincias.<\/p>\n<p>&nbsp;<\/p>\n<p>En dos semanas, Frigerio retomar\u00e1 las negociaciones bilaterales con los gobernadores. M\u00e1s adelante, Macri los recibir\u00eda a todos juntos.<\/p>\n","protected":false},"excerpt":{"rendered":"<p>La baja del d\u00e9ficit genera tensiones con los gobernadores y tambi\u00e9n en la Rosada. Promesa de no tocar el gasto social. Amena de prorrogar el presupuesto 2018 &nbsp; &nbsp; &nbsp; &nbsp; Menos obra p\u00fablica, menos partidas discrecionales para las provincias, menos gastos operativos del Estado y paritarias acotadas conforman la hoja de ruta que el Gobierno traz\u00f3 para reducir el d\u00e9ficit y cumplir el compromiso con el Fondo Monetario Internacional (FMI). \u201cEs un poco de todo sin tocar el gasto social\u201d, sostienen en el fortalecido Ministerio de Hacienda. &nbsp; En&#8230;<\/p>\n","protected":false},"author":3,"featured_media":28852,"comment_status":"closed","ping_status":"closed","sticky":false,"template":"","format":"standard","meta":[],"categories":[18],"tags":[],"_links":{"self":[{"href":"https:\/\/www.actualidadadiario.com\/index.php\/wp-json\/wp\/v2\/posts\/28851"}],"collection":[{"href":"https:\/\/www.actualidadadiario.com\/index.php\/wp-json\/wp\/v2\/posts"}],"about":[{"href":"https:\/\/www.actualidadadiario.com\/index.php\/wp-json\/wp\/v2\/types\/post"}],"author":[{"embeddable":true,"href":"https:\/\/www.actualidadadiario.com\/index.php\/wp-json\/wp\/v2\/users\/3"}],"replies":[{"embeddable":true,"href":"https:\/\/www.actualidadadiario.com\/index.php\/wp-json\/wp\/v2\/comments?post=28851"}],"version-history":[{"count":1,"href":"https:\/\/www.actualidadadiario.com\/index.php\/wp-json\/wp\/v2\/posts\/28851\/revisions"}],"predecessor-version":[{"id":28853,"href":"https:\/\/www.actualidadadiario.com\/index.php\/wp-json\/wp\/v2\/posts\/28851\/revisions\/28853"}],"wp:featuredmedia":[{"embeddable":true,"href":"https:\/\/www.actualidadadiario.com\/index.php\/wp-json\/wp\/v2\/media\/28852"}],"wp:attachment":[{"href":"https:\/\/www.actualidadadiario.com\/index.php\/wp-json\/wp\/v2\/media?parent=28851"}],"wp:term":[{"taxonomy":"category","embeddable":true,"href":"https:\/\/www.actualidadadiario.com\/index.php\/wp-json\/wp\/v2\/categories?post=28851"},{"taxonomy":"post_tag","embeddable":true,"href":"https:\/\/www.actualidadadiario.com\/index.php\/wp-json\/wp\/v2\/tags?post=28851"}],"curies":[{"name":"wp","href":"https:\/\/api.w.org\/{rel}","templated":true}]}}