{"id":2885,"date":"2016-10-19T09:22:41","date_gmt":"2016-10-19T12:22:41","guid":{"rendered":"http:\/\/actualidadadiario.com\/site\/?p=2885"},"modified":"2016-10-19T09:22:41","modified_gmt":"2016-10-19T12:22:41","slug":"plenario-de-comisiones-emitio-dictamen-por-reforma-para-remover-a-gils-carbo","status":"publish","type":"post","link":"https:\/\/www.actualidadadiario.com\/index.php\/2016\/10\/19\/plenario-de-comisiones-emitio-dictamen-por-reforma-para-remover-a-gils-carbo\/","title":{"rendered":"Plenario de comisiones emiti\u00f3 dictamen por reforma para remover a Gils Carb\u00f3"},"content":{"rendered":"<p><em><strong>El oficialismo, junto al Frente Renovador y Progresistas, impuso en Diputados la mayor\u00eda en un plenario de comisiones y logr\u00f3 emitir dictamen para reformar la ley del Ministerio P\u00fablico. La iniciativa contempla limitar a cinco a\u00f1os el cargo vitalicio del Procurador General de la Naci\u00f3n, que actualmente ocupa Alejandra Gils Carb\u00f3 desde agosto del 2012<\/strong><\/em><\/p>\n<p>&nbsp;<\/p>\n<p>&nbsp;<\/p>\n<p>&nbsp;<\/p>\n<p>&nbsp;<\/p>\n<p>El dictamen fue emitido durante una reuni\u00f3n de las comisiones de Justicia, Legislaci\u00f3n Penal, y Presupuesto, donde el oficialismo ratific\u00f3 que buscar\u00e1 sancionar esta iniciativa en la sesi\u00f3n del mi\u00e9rcoles 26 de este mes.<\/p>\n<p>&nbsp;<\/p>\n<p>El dictamen de mayor\u00eda fue respaldado por el interbloque de Cambiemos, el Frente Renovador, Progresistas y con disidencias el bloque Justicialista, mientras que el kirchnerismo y la izquierda rechazaron esta iniciativa y anticiparon que presentar\u00e1n despachos de minor\u00eda.<\/p>\n<p>&nbsp;<\/p>\n<p>El dictamen de mayor\u00eda elimina la subprocuraciones, y limita a cinco a\u00f1os con posibilidad a una sola reelecci\u00f3n el mandato del Procurador General de la Naci\u00f3n -que actualmente es vitalicio- y ocupa desde agosto del 2012 Alejandra Gils Carbo.<\/p>\n<p>&nbsp;<\/p>\n<p>Para su remoci\u00f3n, la funcionaria deber\u00e1 ser sometida a un proceso de juicio pol\u00edtico, que requiere de mayor\u00eda simple en Diputados para acusarla y de dos tercios en el Senado para destituirla.<\/p>\n<p>&nbsp;<\/p>\n<p>El presidente de la comisi\u00f3n de Justicia, el radical Diego Mestre, explic\u00f3 los cambios consensuados con otras fuerzas pol\u00edticas y destac\u00f3 que la Procuraci\u00f3n &#8220;tendr\u00e1 plenas facultades por la eliminaci\u00f3n de las figuras de los subprocuradores&#8221;.<\/p>\n<p>&nbsp;<\/p>\n<p>Mestre confirm\u00f3 que &#8220;se cambi\u00f3 el plazo de cuatro a cinco a\u00f1os con la posibilidad de tener una reelecci\u00f3n&#8221; y detall\u00f3 las funciones de la comisi\u00f3n bicameral de seguimiento y del Consejo General.<\/p>\n<p>&nbsp;<\/p>\n<p>Adem\u00e1s durante la reuni\u00f3n hubo un fuerte cruce entre la diputada del FPV Mar\u00eda Emilia Soria y la l\u00edder del Gen, Margarita Stolbizer, cuando la rionegrina mando a los diputados a comprar una Constituci\u00f3n Nacional a un kiosco al rechazar el proyecto oficial &#8220;por anticonstitucional&#8221;.<\/p>\n<p>&nbsp;<\/p>\n<p>Soria celebr\u00f3 la eliminaci\u00f3n de los subprocuradores, &#8220;pero eso no quita que se trata de un proyecto anticonstitucional y aqu\u00ed tengo una y por eso les recomiendo que vayan a cualquier kiosquito que all\u00ed se vende la Constituci\u00f3n Nacional&#8221;, dijo.<\/p>\n<p>&nbsp;<\/p>\n<p>Stolbizer sali\u00f3 a replicar a Soria al afirmar que el &#8220;kiosco donde compr\u00f3 la diputada debe haber abierto hace tres meses porque en estos doce a\u00f1os el kirchnerismo se cans\u00f3 de votar leyes anticonstitucionales&#8221;.<\/p>\n<p>&nbsp;<\/p>\n<p>Por su parte, la presidenta del bloque del Frente Renovador, Graciela Cama\u00f1o, afirm\u00f3 que &#8220;cuando ingres\u00f3 el proyecto del Poder Ejecutivo fuimos muy cr\u00edticos y tuvimos que aguantar a los tuiteros diciendo que \u00e9ramos unos kirchneristas defensores de Gils Carbo, y hoy nos encontramos que somos los responsables del dictamen&#8221;.<\/p>\n<p>&nbsp;<\/p>\n<p>En tanto, la diputada de izquierda Myriam Bregman dijo que &#8220;debido a las modificaciones se debe tratar nuevamente en asesores&#8221; y reiter\u00f3 su rechazo a este proyecto impulsado por el Poder Ejecutivo.<\/p>\n","protected":false},"excerpt":{"rendered":"<p>El oficialismo, junto al Frente Renovador y Progresistas, impuso en Diputados la mayor\u00eda en un plenario de comisiones y logr\u00f3 emitir dictamen para reformar la ley del Ministerio P\u00fablico. La iniciativa contempla limitar a cinco a\u00f1os el cargo vitalicio del Procurador General de la Naci\u00f3n, que actualmente ocupa Alejandra Gils Carb\u00f3 desde agosto del 2012 &nbsp; &nbsp; &nbsp; &nbsp; El dictamen fue emitido durante una reuni\u00f3n de las comisiones de Justicia, Legislaci\u00f3n Penal, y Presupuesto, donde el oficialismo ratific\u00f3 que buscar\u00e1 sancionar esta iniciativa en la sesi\u00f3n del mi\u00e9rcoles 26&#8230;<\/p>\n","protected":false},"author":3,"featured_media":2886,"comment_status":"closed","ping_status":"closed","sticky":false,"template":"","format":"standard","meta":[],"categories":[18],"tags":[],"_links":{"self":[{"href":"https:\/\/www.actualidadadiario.com\/index.php\/wp-json\/wp\/v2\/posts\/2885"}],"collection":[{"href":"https:\/\/www.actualidadadiario.com\/index.php\/wp-json\/wp\/v2\/posts"}],"about":[{"href":"https:\/\/www.actualidadadiario.com\/index.php\/wp-json\/wp\/v2\/types\/post"}],"author":[{"embeddable":true,"href":"https:\/\/www.actualidadadiario.com\/index.php\/wp-json\/wp\/v2\/users\/3"}],"replies":[{"embeddable":true,"href":"https:\/\/www.actualidadadiario.com\/index.php\/wp-json\/wp\/v2\/comments?post=2885"}],"version-history":[{"count":1,"href":"https:\/\/www.actualidadadiario.com\/index.php\/wp-json\/wp\/v2\/posts\/2885\/revisions"}],"predecessor-version":[{"id":2887,"href":"https:\/\/www.actualidadadiario.com\/index.php\/wp-json\/wp\/v2\/posts\/2885\/revisions\/2887"}],"wp:featuredmedia":[{"embeddable":true,"href":"https:\/\/www.actualidadadiario.com\/index.php\/wp-json\/wp\/v2\/media\/2886"}],"wp:attachment":[{"href":"https:\/\/www.actualidadadiario.com\/index.php\/wp-json\/wp\/v2\/media?parent=2885"}],"wp:term":[{"taxonomy":"category","embeddable":true,"href":"https:\/\/www.actualidadadiario.com\/index.php\/wp-json\/wp\/v2\/categories?post=2885"},{"taxonomy":"post_tag","embeddable":true,"href":"https:\/\/www.actualidadadiario.com\/index.php\/wp-json\/wp\/v2\/tags?post=2885"}],"curies":[{"name":"wp","href":"https:\/\/api.w.org\/{rel}","templated":true}]}}