{"id":28845,"date":"2018-06-21T10:50:03","date_gmt":"2018-06-21T13:50:03","guid":{"rendered":"https:\/\/www.actualidadadiario.com\/?p=28845"},"modified":"2018-11-06T19:43:35","modified_gmt":"2018-11-06T22:43:35","slug":"macri-hoy-el-mundo-reconoce-que-estamos-haciendo-las-cosas-bien","status":"publish","type":"post","link":"https:\/\/www.actualidadadiario.com\/index.php\/2018\/06\/21\/macri-hoy-el-mundo-reconoce-que-estamos-haciendo-las-cosas-bien\/","title":{"rendered":"Macri: &#8220;Hoy el mundo reconoce que estamos haciendo las cosas bien&#8221;"},"content":{"rendered":"<p><em><strong>El Presidente se expres\u00f3 a trav\u00e9s de las redes sociales para celebrar la reclasificaci\u00f3n de la Argentina como &#8220;mercado emergente&#8221; tras 9 a\u00f1os de estar dentro de los &#8220;fronterizos&#8221;, un escal\u00f3n m\u00e1s abajo<\/strong><\/em><\/p>\n<p>&nbsp;<\/p>\n<p>&nbsp;<\/p>\n<p>&nbsp;<\/p>\n<p>&nbsp;<\/p>\n<p>El presidente Mauricio Macri festej\u00f3 el ascenso de la Argentina a la categor\u00eda de &#8220;mercado emergente&#8221; y se expres\u00f3 en las redes. &#8220;Buena noticia! La Argentina vuelve a ser mercado emergente y se abre a la llegada de capitales externos&#8221;, escribi\u00f3 en su cuenta de Facebook.<\/p>\n<p>&nbsp;<\/p>\n<p>El Presidente se explay\u00f3 varias horas despu\u00e9s de conocerse la noticia de que tras nueve a\u00f1os la sociedad Morgan Stanley Capital International (MSCI) reclasific\u00f3 al pa\u00eds como &#8220;mercado emergente&#8221;: &#8220;Hoy el mundo reconoce que estamos haciendo las cosas bien&#8221;, dijo a trav\u00e9s de Facebook y Twitter.<\/p>\n<p>&nbsp;<\/p>\n<p>Para \u00e9l, fue el resultado de un trabajo de 30 meses: &#8220;De llevar al pa\u00eds por el camino correcto para recuperar el estatus que perdimos en 2009, cuando fuimos considerados un mercado fronterizo, l\u00edmite, por la aplicaci\u00f3n de pol\u00edticas econ\u00f3micas que produjeron aislamiento, estancamiento y desconfianza entre los inversores&#8221;.<\/p>\n","protected":false},"excerpt":{"rendered":"<p>El Presidente se expres\u00f3 a trav\u00e9s de las redes sociales para celebrar la reclasificaci\u00f3n de la Argentina como &#8220;mercado emergente&#8221; tras 9 a\u00f1os de estar dentro de los &#8220;fronterizos&#8221;, un escal\u00f3n m\u00e1s abajo &nbsp; &nbsp; &nbsp; &nbsp; El presidente Mauricio Macri festej\u00f3 el ascenso de la Argentina a la categor\u00eda de &#8220;mercado emergente&#8221; y se expres\u00f3 en las redes. &#8220;Buena noticia! La Argentina vuelve a ser mercado emergente y se abre a la llegada de capitales externos&#8221;, escribi\u00f3 en su cuenta de Facebook. &nbsp; El Presidente se explay\u00f3 varias horas&#8230;<\/p>\n","protected":false},"author":3,"featured_media":28846,"comment_status":"closed","ping_status":"closed","sticky":false,"template":"","format":"standard","meta":[],"categories":[9,18],"tags":[],"_links":{"self":[{"href":"https:\/\/www.actualidadadiario.com\/index.php\/wp-json\/wp\/v2\/posts\/28845"}],"collection":[{"href":"https:\/\/www.actualidadadiario.com\/index.php\/wp-json\/wp\/v2\/posts"}],"about":[{"href":"https:\/\/www.actualidadadiario.com\/index.php\/wp-json\/wp\/v2\/types\/post"}],"author":[{"embeddable":true,"href":"https:\/\/www.actualidadadiario.com\/index.php\/wp-json\/wp\/v2\/users\/3"}],"replies":[{"embeddable":true,"href":"https:\/\/www.actualidadadiario.com\/index.php\/wp-json\/wp\/v2\/comments?post=28845"}],"version-history":[{"count":1,"href":"https:\/\/www.actualidadadiario.com\/index.php\/wp-json\/wp\/v2\/posts\/28845\/revisions"}],"predecessor-version":[{"id":28847,"href":"https:\/\/www.actualidadadiario.com\/index.php\/wp-json\/wp\/v2\/posts\/28845\/revisions\/28847"}],"wp:featuredmedia":[{"embeddable":true,"href":"https:\/\/www.actualidadadiario.com\/index.php\/wp-json\/wp\/v2\/media\/28846"}],"wp:attachment":[{"href":"https:\/\/www.actualidadadiario.com\/index.php\/wp-json\/wp\/v2\/media?parent=28845"}],"wp:term":[{"taxonomy":"category","embeddable":true,"href":"https:\/\/www.actualidadadiario.com\/index.php\/wp-json\/wp\/v2\/categories?post=28845"},{"taxonomy":"post_tag","embeddable":true,"href":"https:\/\/www.actualidadadiario.com\/index.php\/wp-json\/wp\/v2\/tags?post=28845"}],"curies":[{"name":"wp","href":"https:\/\/api.w.org\/{rel}","templated":true}]}}