{"id":28842,"date":"2018-06-21T10:49:27","date_gmt":"2018-06-21T13:49:27","guid":{"rendered":"https:\/\/www.actualidadadiario.com\/?p=28842"},"modified":"2018-11-06T19:43:35","modified_gmt":"2018-11-06T22:43:35","slug":"nos-preocupa-que-las-fuerzas-armadas-pasen-a-hacer-inteligencia-interna","status":"publish","type":"post","link":"https:\/\/www.actualidadadiario.com\/index.php\/2018\/06\/21\/nos-preocupa-que-las-fuerzas-armadas-pasen-a-hacer-inteligencia-interna\/","title":{"rendered":"&#8220;Nos preocupa que las Fuerzas Armadas pasen a hacer inteligencia interna&#8221;"},"content":{"rendered":"<p><em><strong>As\u00ed lo sostuvo Paula Litvachky, directora de Justicia y Seguridad del Centro de Estudios Legales y Sociales. &#8220;En experiencias similares, se han desprofesionalizado las FFAA y derivaron en violaciones a los derechos humanos&#8221;, asegur\u00f3<\/strong><\/em><\/p>\n<p>&nbsp;<\/p>\n<p>&nbsp;<\/p>\n<p>&nbsp;<\/p>\n<p>&nbsp;<\/p>\n<p>&nbsp;<\/p>\n<p>Paula Litvachky, directora de Justicia y Seguridad del CELS -Centro de Estudios Legales y Sociales- asegur\u00f3 que &#8220;la Ley de Defensa y la Ley de Seguridad establecen claramente que las Fuerzas Armadas no pueden hacer tareas de seguridad interior. La \u00fanica excepci\u00f3n que pone es la cuesti\u00f3n del apoyo log\u00edstico o situaciones de crisis, que no son las que atravesamos&#8221;.<\/p>\n<p>&nbsp;<\/p>\n<p>En el programa A los botes, que se emite por FutuRock FM, sostuvo que &#8220;el Gobierno se encolumna en el paradigma de las &#8220;nuevas amenazas&#8221; y define como los m\u00e1ximos riesgos de la Argentina a la guerra contra el terrorismo y la guerra contra el narcotr\u00e1fico&#8221;.<\/p>\n<p>&nbsp;<\/p>\n<p>&#8220;A partir de esta concepci\u00f3n, derivan la necesidad de que tanto las fuerzas federales como las armadas se encolumnen en determinados dispositivos y armarse de una manera para encarar este tipo de guerra o lucha contra el narcotr\u00e1fico o terrorismo, y ah\u00ed es donde se pretende darle intervenci\u00f3n a las Fuerzas Armadas en lo que ellos llaman &#8220;el nuevo rol de las Fuerzas Armadas en el siglo XXI&#8221;, que tampoco se sabe muy bien qu\u00e9 quiere decir, pero tiene que ver con darles una funci\u00f3n en este paradigma&#8221;, reflexion\u00f3.<\/p>\n<p>&nbsp;<\/p>\n<p>En ese sentido dijo que &#8220;no discuten que la normativa impide que las Fuerzas Armadas se metan con cuestiones de seguridad interior. Lo que est\u00e1n tratando es de modificar esa normativa y forzarla al mismo tiempo, las dos cosas&#8221;.<\/p>\n<p>&nbsp;<\/p>\n<p>&#8220;Saben que modificar la normativa es complicado porque hay un consenso interpartidario importante para que no se modifique, y entonces usan el atajo de extender el concepto de apoyo log\u00edstico de las Fuerzas Armadas sobre el sistema de seguridad, que es lo que ya se viene haciendo y se va a hacer cada vez m\u00e1s, y es parte de la confusi\u00f3n que plante\u00f3 el ministro Aguad en su reportaje cuando dec\u00eda que &#8220;no van a actuar en cuestiones de seguridad interior pero s\u00ed en narcotr\u00e1fico con apoyo log\u00edstico, pero en realidad es vigilancia estrat\u00e9gica&#8221;&#8221;, explic\u00f3.<\/p>\n<p>&nbsp;<\/p>\n<p>&#8220;Entre todos esos conceptos mezclados, lo que est\u00e1 diciendo es que s\u00ed est\u00e1n pensando tener alg\u00fan tipo de intervenci\u00f3n, que no significa necesariamente que van a salir los tanques a la calle, pero s\u00ed van a tener una intervenci\u00f3n m\u00e1s fuerte en cuestiones de vigilancia y no sabemos si tambi\u00e9n en cuestiones de inteligencia interna, que es lo que nos preocupa&#8221;, dijo Litvachky.<\/p>\n<p>&nbsp;<\/p>\n<p>&#8220;Como ellos plantean que puede haber una amenaza externa que tenga que ver con terrorismo o narcotr\u00e1fico en t\u00e9rminos de riesgo transnacional, lo que pretenden es modificar el decreto reglamentario para quitar la definici\u00f3n que dice que &#8220;agresi\u00f3n externa s\u00f3lo se va a interpretar como agresi\u00f3n entre estados&#8221;. Eso no es un invento, es una interpretaci\u00f3n de la carta de Naciones Unidas y determinada normativa internacional que se hizo expl\u00edcita en el decreto&#8221;, sentenci\u00f3.<\/p>\n<p>&nbsp;<\/p>\n<p>Asegur\u00f3 adem\u00e1s que el hecho de &#8220;modificar el decreto para que la ley de seguridad no lo especifique es una interpretaci\u00f3n muy discutible. Si se modifica el decreto 727\/69, seguramente se litigar\u00e1. Ellos pretenden encuadrarse en esas agresiones externas para darle esas funciones y entrar en esos l\u00edmites difusos&#8221;.<\/p>\n<p>&nbsp;<\/p>\n<p>Por \u00faltimo, Litvachky asegur\u00f3 que &#8220;en las experiencias similares, se han desprofesionalizado las Fuerzas Armadas y derivaron en violaciones a los derechos humanos. El Gobierno sabe que dar una discusi\u00f3n en el Congreso tiene mucha resistencia. Tendr\u00edan que clarificar mucha informaci\u00f3n&#8221;.<\/p>\n","protected":false},"excerpt":{"rendered":"<p>As\u00ed lo sostuvo Paula Litvachky, directora de Justicia y Seguridad del Centro de Estudios Legales y Sociales. &#8220;En experiencias similares, se han desprofesionalizado las FFAA y derivaron en violaciones a los derechos humanos&#8221;, asegur\u00f3 &nbsp; &nbsp; &nbsp; &nbsp; &nbsp; Paula Litvachky, directora de Justicia y Seguridad del CELS -Centro de Estudios Legales y Sociales- asegur\u00f3 que &#8220;la Ley de Defensa y la Ley de Seguridad establecen claramente que las Fuerzas Armadas no pueden hacer tareas de seguridad interior. La \u00fanica excepci\u00f3n que pone es la cuesti\u00f3n del apoyo log\u00edstico o&#8230;<\/p>\n","protected":false},"author":3,"featured_media":28843,"comment_status":"closed","ping_status":"closed","sticky":false,"template":"","format":"standard","meta":[],"categories":[18],"tags":[],"_links":{"self":[{"href":"https:\/\/www.actualidadadiario.com\/index.php\/wp-json\/wp\/v2\/posts\/28842"}],"collection":[{"href":"https:\/\/www.actualidadadiario.com\/index.php\/wp-json\/wp\/v2\/posts"}],"about":[{"href":"https:\/\/www.actualidadadiario.com\/index.php\/wp-json\/wp\/v2\/types\/post"}],"author":[{"embeddable":true,"href":"https:\/\/www.actualidadadiario.com\/index.php\/wp-json\/wp\/v2\/users\/3"}],"replies":[{"embeddable":true,"href":"https:\/\/www.actualidadadiario.com\/index.php\/wp-json\/wp\/v2\/comments?post=28842"}],"version-history":[{"count":1,"href":"https:\/\/www.actualidadadiario.com\/index.php\/wp-json\/wp\/v2\/posts\/28842\/revisions"}],"predecessor-version":[{"id":28844,"href":"https:\/\/www.actualidadadiario.com\/index.php\/wp-json\/wp\/v2\/posts\/28842\/revisions\/28844"}],"wp:featuredmedia":[{"embeddable":true,"href":"https:\/\/www.actualidadadiario.com\/index.php\/wp-json\/wp\/v2\/media\/28843"}],"wp:attachment":[{"href":"https:\/\/www.actualidadadiario.com\/index.php\/wp-json\/wp\/v2\/media?parent=28842"}],"wp:term":[{"taxonomy":"category","embeddable":true,"href":"https:\/\/www.actualidadadiario.com\/index.php\/wp-json\/wp\/v2\/categories?post=28842"},{"taxonomy":"post_tag","embeddable":true,"href":"https:\/\/www.actualidadadiario.com\/index.php\/wp-json\/wp\/v2\/tags?post=28842"}],"curies":[{"name":"wp","href":"https:\/\/api.w.org\/{rel}","templated":true}]}}