{"id":28838,"date":"2018-06-21T10:47:55","date_gmt":"2018-06-21T13:47:55","guid":{"rendered":"https:\/\/www.actualidadadiario.com\/?p=28838"},"modified":"2018-11-06T19:43:35","modified_gmt":"2018-11-06T22:43:35","slug":"asumen-hoy-los-nuevos-ministros-iguacel-y-sica","status":"publish","type":"post","link":"https:\/\/www.actualidadadiario.com\/index.php\/2018\/06\/21\/asumen-hoy-los-nuevos-ministros-iguacel-y-sica\/","title":{"rendered":"Asumen hoy los nuevos Ministros Iguacel y Sica"},"content":{"rendered":"<p><em><strong>El presidente Mauricio Macri tomar\u00e1 juramento a los funcionarios nombrados la semana pasada. El acto ser\u00e1 en Casa Rosada<\/strong><\/em><\/p>\n<p>&nbsp;<\/p>\n<p>&nbsp;<\/p>\n<p>&nbsp;<\/p>\n<p>&nbsp;<\/p>\n<p>El presidente Mauricio Macri tomar\u00e1 hoy juramento a los nuevos ministros de Energ\u00eda y de Producci\u00f3n, Javier Iguacel y Dante Sica, respectivamente, en un acto que se realizar\u00e1 en la Casa Rosada.<\/p>\n<p>&nbsp;<\/p>\n<p>Fuentes oficiales confirmaron que la toma de posesi\u00f3n de los nuevos funcionarios se producir\u00e1 a partir de las 12.15, en el sal\u00f3n Blanco de la sede gubernamental, en una ceremonia que contar\u00e1 con la presencia de varios integrantes del gabinete nacional.<\/p>\n<p>&nbsp;<\/p>\n<p>Macri design\u00f3 el s\u00e1bado pasado a Iguacel en reemplazo de Juan Jos\u00e9 Aranguren, y a Sica en lugar de Francisco Cabrera, y dispuso que la Secretar\u00eda de Miner\u00eda -que depend\u00eda del Ministerio de Energ\u00eda y Miner\u00eda- quede bajo la \u00f3rbita del Ministerio de Producci\u00f3n.<\/p>\n<p>&nbsp;<\/p>\n<p>En tanto, Cabrera pas\u00f3 a ocupar la presidencia del Banco de Inversi\u00f3n y Comercio Exterior (Bice) y se desempe\u00f1ar\u00e1 adem\u00e1s como asesor del presidente Macri.<\/p>\n<p>&nbsp;<\/p>\n<p>Iguacel, el flamante ministro de Energ\u00eda, tiene 44 a\u00f1os, es ingeniero en petr\u00f3leo y estaba a cargo de la Direcci\u00f3n de Vialidad Nacional.<\/p>\n<p>&nbsp;<\/p>\n<p>Padre de tres hijos y admirador de Nelson Mandela, trabaj\u00f3 en la petrolera estatal desde 1997 y renunci\u00f3 en 1999 cuando se anunci\u00f3 su venta a Repsol.<\/p>\n<p>&nbsp;<\/p>\n<p>Luego, hasta 2015, trabaj\u00f3 en empresas petroleras como Pecom Energ\u00eda y Pluspetrol, en la cual alcanz\u00f3 la vicepresidencia, de la que se alej\u00f3 para sumarse al equipo del presidente Macri.<\/p>\n<p>&nbsp;<\/p>\n<p>El nuevo ministro de Producci\u00f3n, Dante Sica, de 61 a\u00f1os, dirige la consultora econ\u00f3mica Abeceb y se desempe\u00f1\u00f3 como secretario de Industria, Comercio y Miner\u00eda durante la presidencia de Eduardo Duhalde, en 2002.<\/p>\n<p>&nbsp;<\/p>\n<p>El economista se especializa en el an\u00e1lisis de los sectores industriales.<\/p>\n","protected":false},"excerpt":{"rendered":"<p>El presidente Mauricio Macri tomar\u00e1 juramento a los funcionarios nombrados la semana pasada. El acto ser\u00e1 en Casa Rosada &nbsp; &nbsp; &nbsp; &nbsp; El presidente Mauricio Macri tomar\u00e1 hoy juramento a los nuevos ministros de Energ\u00eda y de Producci\u00f3n, Javier Iguacel y Dante Sica, respectivamente, en un acto que se realizar\u00e1 en la Casa Rosada. &nbsp; Fuentes oficiales confirmaron que la toma de posesi\u00f3n de los nuevos funcionarios se producir\u00e1 a partir de las 12.15, en el sal\u00f3n Blanco de la sede gubernamental, en una ceremonia que contar\u00e1 con la&#8230;<\/p>\n","protected":false},"author":3,"featured_media":28788,"comment_status":"closed","ping_status":"closed","sticky":false,"template":"","format":"standard","meta":[],"categories":[2],"tags":[],"_links":{"self":[{"href":"https:\/\/www.actualidadadiario.com\/index.php\/wp-json\/wp\/v2\/posts\/28838"}],"collection":[{"href":"https:\/\/www.actualidadadiario.com\/index.php\/wp-json\/wp\/v2\/posts"}],"about":[{"href":"https:\/\/www.actualidadadiario.com\/index.php\/wp-json\/wp\/v2\/types\/post"}],"author":[{"embeddable":true,"href":"https:\/\/www.actualidadadiario.com\/index.php\/wp-json\/wp\/v2\/users\/3"}],"replies":[{"embeddable":true,"href":"https:\/\/www.actualidadadiario.com\/index.php\/wp-json\/wp\/v2\/comments?post=28838"}],"version-history":[{"count":1,"href":"https:\/\/www.actualidadadiario.com\/index.php\/wp-json\/wp\/v2\/posts\/28838\/revisions"}],"predecessor-version":[{"id":28839,"href":"https:\/\/www.actualidadadiario.com\/index.php\/wp-json\/wp\/v2\/posts\/28838\/revisions\/28839"}],"wp:featuredmedia":[{"embeddable":true,"href":"https:\/\/www.actualidadadiario.com\/index.php\/wp-json\/wp\/v2\/media\/28788"}],"wp:attachment":[{"href":"https:\/\/www.actualidadadiario.com\/index.php\/wp-json\/wp\/v2\/media?parent=28838"}],"wp:term":[{"taxonomy":"category","embeddable":true,"href":"https:\/\/www.actualidadadiario.com\/index.php\/wp-json\/wp\/v2\/categories?post=28838"},{"taxonomy":"post_tag","embeddable":true,"href":"https:\/\/www.actualidadadiario.com\/index.php\/wp-json\/wp\/v2\/tags?post=28838"}],"curies":[{"name":"wp","href":"https:\/\/api.w.org\/{rel}","templated":true}]}}