{"id":28823,"date":"2018-06-21T10:43:07","date_gmt":"2018-06-21T13:43:07","guid":{"rendered":"https:\/\/www.actualidadadiario.com\/?p=28823"},"modified":"2018-11-06T19:43:35","modified_gmt":"2018-11-06T22:43:35","slug":"el-24-de-julio-se-reune-el-jury-contra-el-juez-rossi","status":"publish","type":"post","link":"https:\/\/www.actualidadadiario.com\/index.php\/2018\/06\/21\/el-24-de-julio-se-reune-el-jury-contra-el-juez-rossi\/","title":{"rendered":"El 24 de julio se re\u00fane el Jury contra el juez Rossi"},"content":{"rendered":"<p><em><strong>Fuentes legislativas confirmaron que el pr\u00f3ximo de 24 de julio se reunir\u00e1 el jury de enjuiciamiento contra Carlos Rossi, el juez suspendido en sus funciones por haber tomado la decisi\u00f3n de otorgar la libertad condicional al violador serial y femicida de Micaela Garc\u00eda, Sebasti\u00e1n Wagner<\/strong><\/em><\/p>\n<p>&nbsp;<\/p>\n<p>&nbsp;<\/p>\n<p>&nbsp;<\/p>\n<p>&nbsp;<\/p>\n<p>El proceso de enjuiciamiento contra el magistrado comenzar\u00e1 el martes 24 de julio a las 9, en el sal\u00f3n del Superior Tribunal de Justicia (STJ), ubicado en el segundo piso del edificio de Tribunales.<\/p>\n<p>&nbsp;<\/p>\n<p>En este contexto, vale destacar que este viernes se conoci\u00f3, adem\u00e1s, que Rita Segato y Enrique Stola ser\u00e1n incorporados al Jury como &#8220;testigos de contexto&#8221;, y brindar\u00e1n as\u00ed su experiencia internacional en temas de g\u00e9nero.<\/p>\n<p>&nbsp;<\/p>\n<p><strong>\u00a0<\/strong><\/p>\n<p><strong>El caso<\/strong><\/p>\n<p>Rossi fue denunciado por mal desempe\u00f1o y falta de idoneidad por haberle otorgado la libertad condicional al violador serial Sebasti\u00e1n Wagner,\u00a0 el 1\u00ba de julio de 2016, y quien en abril de 2017 asesin\u00f3 a Micaela Garc\u00eda en Gualeguay.<\/p>\n<p>&nbsp;<\/p>\n<p>El Jurado de Enjuiciamiento resolvi\u00f3, el 7 de diciembre, abrir causa contra el juez de Ejecuci\u00f3n de Penas y Medidas de Seguridad de Gualeguaych\u00fa, Carlos Alfredo Rossi.\u00a0 La resoluci\u00f3n implic\u00f3, adem\u00e1s, correrle traslado al Procurador Jorge Amilcar Garc\u00eda para que en 15 d\u00edas formule la acusaci\u00f3n; y la suspensi\u00f3n del magistrado en su cargo, m\u00e1s la\u00a0 retenci\u00f3n del 30 por ciento de su sueldo.<\/p>\n<p>&nbsp;<\/p>\n<p>El magistrado tiene ocho denuncias por mal desempe\u00f1o y falta de idoneidad a ra\u00edz de una decisi\u00f3n pol\u00e9mica: el 1\u00ba de julio de 2016 otorg\u00f3 la libertad condicional al violador serial Sebasti\u00e1n Wagner, quien hasta entonces estaba alojado en la Unidad Penal N\u00ba 9 Granja Penal Colonia El Potrero, de Gualeguaych\u00fa, cumpliendo una pena de 9 a\u00f1os de prisi\u00f3n por dos hechos de violaci\u00f3n. Si Wagner segu\u00eda en prisi\u00f3n reci\u00e9n iba a salir a las calles el 16 de julio de 2018.<\/p>\n<p>&nbsp;<\/p>\n<p>Nueve meses despu\u00e9s de la resoluci\u00f3n del juez Rossi, el 1\u00b0 de abril de 2017, Wagner asesin\u00f3 a la joven Micaela Garc\u00eda, en Gualeguay. El caso conmocion\u00f3 al pa\u00eds, y sobre todo al movimiento de mujeres que se moviliz\u00f3 bajo la consigna #NiUnaMenos. En Entre R\u00edos, el rostro del juez fue parte de las pancartas que se exhibieron en el Poder Judicial, junto al r\u00f3tulo de \u201cc\u00f3mplice\u201d. El 17 de octubre pasado, el Tribunal de Juicio y Apelaciones de Gualeguay conden\u00f3 a Wagner a prisi\u00f3n perpetua por \u201cabuso sexual con acceso carnal en concurso ideal con homicidio calificado por alevos\u00eda, criminis causae y femicidio\u201d. Su jefe N\u00e9stor Pav\u00f3n fue condenado a cinco a\u00f1os de prisi\u00f3n por encubrimiento y el hijastro de Wagner, Gabriel Otero, fue absuelto.<\/p>\n","protected":false},"excerpt":{"rendered":"<p>Fuentes legislativas confirmaron que el pr\u00f3ximo de 24 de julio se reunir\u00e1 el jury de enjuiciamiento contra Carlos Rossi, el juez suspendido en sus funciones por haber tomado la decisi\u00f3n de otorgar la libertad condicional al violador serial y femicida de Micaela Garc\u00eda, Sebasti\u00e1n Wagner &nbsp; &nbsp; &nbsp; &nbsp; El proceso de enjuiciamiento contra el magistrado comenzar\u00e1 el martes 24 de julio a las 9, en el sal\u00f3n del Superior Tribunal de Justicia (STJ), ubicado en el segundo piso del edificio de Tribunales. &nbsp; En este contexto, vale destacar que&#8230;<\/p>\n","protected":false},"author":3,"featured_media":28824,"comment_status":"closed","ping_status":"closed","sticky":false,"template":"","format":"standard","meta":[],"categories":[15],"tags":[],"_links":{"self":[{"href":"https:\/\/www.actualidadadiario.com\/index.php\/wp-json\/wp\/v2\/posts\/28823"}],"collection":[{"href":"https:\/\/www.actualidadadiario.com\/index.php\/wp-json\/wp\/v2\/posts"}],"about":[{"href":"https:\/\/www.actualidadadiario.com\/index.php\/wp-json\/wp\/v2\/types\/post"}],"author":[{"embeddable":true,"href":"https:\/\/www.actualidadadiario.com\/index.php\/wp-json\/wp\/v2\/users\/3"}],"replies":[{"embeddable":true,"href":"https:\/\/www.actualidadadiario.com\/index.php\/wp-json\/wp\/v2\/comments?post=28823"}],"version-history":[{"count":1,"href":"https:\/\/www.actualidadadiario.com\/index.php\/wp-json\/wp\/v2\/posts\/28823\/revisions"}],"predecessor-version":[{"id":28825,"href":"https:\/\/www.actualidadadiario.com\/index.php\/wp-json\/wp\/v2\/posts\/28823\/revisions\/28825"}],"wp:featuredmedia":[{"embeddable":true,"href":"https:\/\/www.actualidadadiario.com\/index.php\/wp-json\/wp\/v2\/media\/28824"}],"wp:attachment":[{"href":"https:\/\/www.actualidadadiario.com\/index.php\/wp-json\/wp\/v2\/media?parent=28823"}],"wp:term":[{"taxonomy":"category","embeddable":true,"href":"https:\/\/www.actualidadadiario.com\/index.php\/wp-json\/wp\/v2\/categories?post=28823"},{"taxonomy":"post_tag","embeddable":true,"href":"https:\/\/www.actualidadadiario.com\/index.php\/wp-json\/wp\/v2\/tags?post=28823"}],"curies":[{"name":"wp","href":"https:\/\/api.w.org\/{rel}","templated":true}]}}