{"id":28820,"date":"2018-06-21T10:42:24","date_gmt":"2018-06-21T13:42:24","guid":{"rendered":"https:\/\/www.actualidadadiario.com\/?p=28820"},"modified":"2018-11-06T19:43:35","modified_gmt":"2018-11-06T22:43:35","slug":"los-trabajadores-viales-se-adhieren-al-paro-del-lunes","status":"publish","type":"post","link":"https:\/\/www.actualidadadiario.com\/index.php\/2018\/06\/21\/los-trabajadores-viales-se-adhieren-al-paro-del-lunes\/","title":{"rendered":"Los trabajadores viales se adhieren al paro del lunes"},"content":{"rendered":"<p><em><strong>El Sindicato Obreros y Empleados Viales de Entre R\u00edos (Soever) resolvieron adherir al paro nacional del lunes pr\u00f3ximo<\/strong><\/em><\/p>\n<p>&nbsp;<\/p>\n<p>&nbsp;<\/p>\n<p>&nbsp;<\/p>\n<p>La Comisi\u00f3n Directiva del Soever se reuni\u00f3 este martes para tratar la convocatoria a un paro nacional por\u00a0 parte de la Confederaci\u00f3n General del Trabajo de la Rep\u00fablica Argentina (CGT ), y\u00a0 la Federaci\u00f3n Argentina de Trabajadores Viales\u00a0 (FAT Vial)<\/p>\n<p>&nbsp;<\/p>\n<p>Los ejes de del paro nacional se fundamentan en \u201cel incumplimiento por parte del Gobierno nacional en la exenci\u00f3n de los trabajadores del impuesto a las ganancias en el medio aguinaldo, el pacto anti despidos, y la mala pol\u00edtica econ\u00f3mica\u201d.<\/p>\n<p>&nbsp;<\/p>\n<p>Tambi\u00e9n el documento expresa \u201cel rechazo a la reforma laboral y previsional, la defensa de las fuentes laborales y de la producci\u00f3n nacional, de la salud, la educaci\u00f3n y la seguridad social\u201d.<\/p>\n<p>&nbsp;<\/p>\n<p>Asimismo, la medida de fuerza suma como consigna \u201cla solicitud de paritarias libres, el respeto de los convenios colectivos, y se opone a la flexibilizaci\u00f3n laboral, a los despidos, y el aumento indiscriminado de tarifas\u201d.<\/p>\n<p>&nbsp;<\/p>\n<p>\u201cEn virtud de los fundamentos expresados por la organizaciones sindicales del orden nacional, y teniendo en cuenta que los trabajadores viales entrerrianos no estamos exentos del deterioro salarial producto de las\u00a0 pol\u00edticas econ\u00f3micas que toma el Gobierno, la Comisi\u00f3n Directiva resolvi\u00f3 adherir al paro nacional para el d\u00eda 25 de junio y\u00a0 convocar a los trabajadores viales entrerrianos a acompa\u00f1ar la medida de fuerza\u201d, aseveraron desde el sindicato en un comunicado<\/p>\n","protected":false},"excerpt":{"rendered":"<p>El Sindicato Obreros y Empleados Viales de Entre R\u00edos (Soever) resolvieron adherir al paro nacional del lunes pr\u00f3ximo &nbsp; &nbsp; &nbsp; La Comisi\u00f3n Directiva del Soever se reuni\u00f3 este martes para tratar la convocatoria a un paro nacional por\u00a0 parte de la Confederaci\u00f3n General del Trabajo de la Rep\u00fablica Argentina (CGT ), y\u00a0 la Federaci\u00f3n Argentina de Trabajadores Viales\u00a0 (FAT Vial) &nbsp; Los ejes de del paro nacional se fundamentan en \u201cel incumplimiento por parte del Gobierno nacional en la exenci\u00f3n de los trabajadores del impuesto a las ganancias en&#8230;<\/p>\n","protected":false},"author":3,"featured_media":28821,"comment_status":"closed","ping_status":"closed","sticky":false,"template":"","format":"standard","meta":[],"categories":[15],"tags":[],"_links":{"self":[{"href":"https:\/\/www.actualidadadiario.com\/index.php\/wp-json\/wp\/v2\/posts\/28820"}],"collection":[{"href":"https:\/\/www.actualidadadiario.com\/index.php\/wp-json\/wp\/v2\/posts"}],"about":[{"href":"https:\/\/www.actualidadadiario.com\/index.php\/wp-json\/wp\/v2\/types\/post"}],"author":[{"embeddable":true,"href":"https:\/\/www.actualidadadiario.com\/index.php\/wp-json\/wp\/v2\/users\/3"}],"replies":[{"embeddable":true,"href":"https:\/\/www.actualidadadiario.com\/index.php\/wp-json\/wp\/v2\/comments?post=28820"}],"version-history":[{"count":1,"href":"https:\/\/www.actualidadadiario.com\/index.php\/wp-json\/wp\/v2\/posts\/28820\/revisions"}],"predecessor-version":[{"id":28822,"href":"https:\/\/www.actualidadadiario.com\/index.php\/wp-json\/wp\/v2\/posts\/28820\/revisions\/28822"}],"wp:featuredmedia":[{"embeddable":true,"href":"https:\/\/www.actualidadadiario.com\/index.php\/wp-json\/wp\/v2\/media\/28821"}],"wp:attachment":[{"href":"https:\/\/www.actualidadadiario.com\/index.php\/wp-json\/wp\/v2\/media?parent=28820"}],"wp:term":[{"taxonomy":"category","embeddable":true,"href":"https:\/\/www.actualidadadiario.com\/index.php\/wp-json\/wp\/v2\/categories?post=28820"},{"taxonomy":"post_tag","embeddable":true,"href":"https:\/\/www.actualidadadiario.com\/index.php\/wp-json\/wp\/v2\/tags?post=28820"}],"curies":[{"name":"wp","href":"https:\/\/api.w.org\/{rel}","templated":true}]}}