{"id":2882,"date":"2016-10-19T09:21:56","date_gmt":"2016-10-19T12:21:56","guid":{"rendered":"http:\/\/actualidadadiario.com\/site\/?p=2882"},"modified":"2016-10-19T09:21:56","modified_gmt":"2016-10-19T12:21:56","slug":"mujeres-de-todo-el-pais-paran-y-se-movilizan-contra-los-femicidios-y-la-violencia-machista","status":"publish","type":"post","link":"https:\/\/www.actualidadadiario.com\/index.php\/2016\/10\/19\/mujeres-de-todo-el-pais-paran-y-se-movilizan-contra-los-femicidios-y-la-violencia-machista\/","title":{"rendered":"Mujeres de todo el pa\u00eds paran y se movilizan contra los femicidios y la violencia machista"},"content":{"rendered":"<p><em><strong>La medida que se realiza este jueves contempla un cese de tareas entre las 13 y las 14 horas, con \u2018ruidazo\u2019, y una movilizaci\u00f3n por la tarde desde el Obelisco hacia Plaza de Mayo. La convocatoria recibi\u00f3 el apoyo y la adhesi\u00f3n de innumerables espacios pol\u00edticos y sociales<\/strong><\/em><\/p>\n<p>&nbsp;<\/p>\n<p>&nbsp;<\/p>\n<p>&nbsp;<\/p>\n<p>&nbsp;<\/p>\n<p>Ante el impactante y preocupante aumento de femicidios y casos de violencia machista en el pa\u00eds, y la conmoci\u00f3n por el brutal asesinato de Luc\u00eda P\u00e9rez en Mar del Plata, este mi\u00e9rcoles se realiza el primer paro nacional de mujeres.<\/p>\n<p>&nbsp;<\/p>\n<p>Bajo el lema #VivasNosQueremos, la hist\u00f3rica medida consiste en un cese de tareas entre las 13 y las 14 horas, y una posterior movilizaci\u00f3n a partir de las 17 horas, desde el Obelisco porte\u00f1o hacia la Plaza de Mayo.<\/p>\n<p>&nbsp;<\/p>\n<p>Adem\u00e1s, durante el paro, las mujeres de todo el pa\u00eds fueron llamadas a realizar un \u2018ruidazo\u2019 en las calles y en sus lugares de trabajo como forma de visibilizaci\u00f3n ante esta problem\u00e1tica. Tambi\u00e9n proponen vestirse de negro para un mayor impacto visual.<\/p>\n<p>&nbsp;<\/p>\n<p>&#8220;El paro de mujeres surge tras 31 a\u00f1os de Encuentros de Mujeres, donde debatimos, intercambiamos ideas, instalamos agenda y elevamos demandas concretas a una problem\u00e1tica urgente\u201d, sostuvo Florencia Alcaraz, integrante del colectivo Ni Una Menos.<\/p>\n<p>&nbsp;<\/p>\n<p>Del mismo modo, Alcaraz aclar\u00f3: \u201cEs cierto que las recientes muertes como la de Luc\u00eda y la joven que apareci\u00f3 en una caja de cart\u00f3n en C\u00f3rdoba le pusieron fecha concreta, pero hay mucho m\u00e1s para marchar; esto es una respuesta al estado de organizaci\u00f3n de las mujeres en la Argentina&#8221;.<\/p>\n<p>&nbsp;<\/p>\n<p>La medida es en respuesta al creciente n\u00famero de casos de violencia de g\u00e9nero y femicidios, los cuales, en lo que va de octubre, ya suman 19, cifra que eleva el promedio a casi una mujer muerta de forma violenta por d\u00eda, convirti\u00e9ndose as\u00ed en una de las tasas m\u00e1s altas del continente, de acuerdo con \u00c1mbito.com.<\/p>\n<p>&nbsp;<\/p>\n<p>Por su parte, la movilizaci\u00f3n cuenta con el apoyo de diversos espacios pol\u00edticos y sociales de todo el pa\u00eds. La ex presidenta Cristina Fern\u00e1ndez de Kirchner llam\u00f3 a participar, mientras que el Frente de Izquierda (FIT), Las Rojas (de Nuevo M\u00e1s), el Frente para la Victoria (FPV), las dos CTA, la ONG La Casa del Encuentro, ATE Capital, Suteba y diversas universidades nacionales expresaron su adhesi\u00f3n a la convocatoria.<\/p>\n","protected":false},"excerpt":{"rendered":"<p>La medida que se realiza este jueves contempla un cese de tareas entre las 13 y las 14 horas, con \u2018ruidazo\u2019, y una movilizaci\u00f3n por la tarde desde el Obelisco hacia Plaza de Mayo. La convocatoria recibi\u00f3 el apoyo y la adhesi\u00f3n de innumerables espacios pol\u00edticos y sociales &nbsp; &nbsp; &nbsp; &nbsp; Ante el impactante y preocupante aumento de femicidios y casos de violencia machista en el pa\u00eds, y la conmoci\u00f3n por el brutal asesinato de Luc\u00eda P\u00e9rez en Mar del Plata, este mi\u00e9rcoles se realiza el primer paro nacional&#8230;<\/p>\n","protected":false},"author":3,"featured_media":2883,"comment_status":"closed","ping_status":"closed","sticky":false,"template":"","format":"standard","meta":[],"categories":[9],"tags":[],"_links":{"self":[{"href":"https:\/\/www.actualidadadiario.com\/index.php\/wp-json\/wp\/v2\/posts\/2882"}],"collection":[{"href":"https:\/\/www.actualidadadiario.com\/index.php\/wp-json\/wp\/v2\/posts"}],"about":[{"href":"https:\/\/www.actualidadadiario.com\/index.php\/wp-json\/wp\/v2\/types\/post"}],"author":[{"embeddable":true,"href":"https:\/\/www.actualidadadiario.com\/index.php\/wp-json\/wp\/v2\/users\/3"}],"replies":[{"embeddable":true,"href":"https:\/\/www.actualidadadiario.com\/index.php\/wp-json\/wp\/v2\/comments?post=2882"}],"version-history":[{"count":1,"href":"https:\/\/www.actualidadadiario.com\/index.php\/wp-json\/wp\/v2\/posts\/2882\/revisions"}],"predecessor-version":[{"id":2884,"href":"https:\/\/www.actualidadadiario.com\/index.php\/wp-json\/wp\/v2\/posts\/2882\/revisions\/2884"}],"wp:featuredmedia":[{"embeddable":true,"href":"https:\/\/www.actualidadadiario.com\/index.php\/wp-json\/wp\/v2\/media\/2883"}],"wp:attachment":[{"href":"https:\/\/www.actualidadadiario.com\/index.php\/wp-json\/wp\/v2\/media?parent=2882"}],"wp:term":[{"taxonomy":"category","embeddable":true,"href":"https:\/\/www.actualidadadiario.com\/index.php\/wp-json\/wp\/v2\/categories?post=2882"},{"taxonomy":"post_tag","embeddable":true,"href":"https:\/\/www.actualidadadiario.com\/index.php\/wp-json\/wp\/v2\/tags?post=2882"}],"curies":[{"name":"wp","href":"https:\/\/api.w.org\/{rel}","templated":true}]}}