{"id":28818,"date":"2018-06-21T10:41:40","date_gmt":"2018-06-21T13:41:40","guid":{"rendered":"https:\/\/www.actualidadadiario.com\/?p=28818"},"modified":"2018-11-06T19:43:35","modified_gmt":"2018-11-06T22:43:35","slug":"rios-rechaza-pedido-de-varisco","status":"publish","type":"post","link":"https:\/\/www.actualidadadiario.com\/index.php\/2018\/06\/21\/rios-rechaza-pedido-de-varisco\/","title":{"rendered":"R\u00edos rechaza pedido de Varisco"},"content":{"rendered":"<p><em><strong>El Juez Federal Leandro R\u00edos rechaz\u00f3 el pedido de la defensa del intendente Sergio Varisco de revocatoria del procesamiento en su contra en la causa por narcotr\u00e1fico. Adem\u00e1s, el magistrado descart\u00f3 otras medidas solicitadas, como correr a la Polic\u00eda Federal de la investigaci\u00f3n y que \u00e9sta pase manos de la AFI<\/strong><\/em><\/p>\n<p>&nbsp;<\/p>\n<p>&nbsp;<\/p>\n<p>&nbsp;<\/p>\n<p>&nbsp;<\/p>\n<p>El magistrado rechaz\u00f3 el pedido que presentaron los abogados de Varisco, Rub\u00e9n Pagliotto; Miguel \u00c1ngel Cullen y Mariano C\u00faneo Libarona de revocar el procesamiento que le hab\u00eda dictado al intendente de Paran\u00e1, en base a la declaraci\u00f3n que hizo quien figura como cabecilla de la banda de narcotraficantes, Daniel \u201cTavi\u201d Celis, intentando desvincular al presidente municipal de la capital provincial, al concejal Pablo Hern\u00e1ndez y a la funcionaria Griselda Bordeira de la causa.<\/p>\n<p>&nbsp;<\/p>\n<p>Asimismo, descart\u00f3 otras medidas que la defensa de Varisco hab\u00eda solicitado, como correr a la Polic\u00eda Federal de la investigaci\u00f3n y pasar esa tarea a la Agencia Federal de Investigaciones (Ex-SIDE), as\u00ed como incorporar testimoniales de los funcionarios municipales Walter Rolandelli y Ana Sione por no considerarlas \u201cpertinentes y \u00fatiles\u201d, precis\u00f3 R\u00edos en el decisorio.<\/p>\n<p>&nbsp;<\/p>\n<p>Otra medida contenida en el escrito de R\u00edos es no hacer lugar al pedido de suspensi\u00f3n de los plazos para apelar el auto de procesamiento, que sigue firme y se mantiene hasta el lunes a la ma\u00f1ana.<\/p>\n","protected":false},"excerpt":{"rendered":"<p>El Juez Federal Leandro R\u00edos rechaz\u00f3 el pedido de la defensa del intendente Sergio Varisco de revocatoria del procesamiento en su contra en la causa por narcotr\u00e1fico. Adem\u00e1s, el magistrado descart\u00f3 otras medidas solicitadas, como correr a la Polic\u00eda Federal de la investigaci\u00f3n y que \u00e9sta pase manos de la AFI &nbsp; &nbsp; &nbsp; &nbsp; El magistrado rechaz\u00f3 el pedido que presentaron los abogados de Varisco, Rub\u00e9n Pagliotto; Miguel \u00c1ngel Cullen y Mariano C\u00faneo Libarona de revocar el procesamiento que le hab\u00eda dictado al intendente de Paran\u00e1, en base a&#8230;<\/p>\n","protected":false},"author":3,"featured_media":28677,"comment_status":"closed","ping_status":"closed","sticky":false,"template":"","format":"standard","meta":[],"categories":[9,15],"tags":[],"_links":{"self":[{"href":"https:\/\/www.actualidadadiario.com\/index.php\/wp-json\/wp\/v2\/posts\/28818"}],"collection":[{"href":"https:\/\/www.actualidadadiario.com\/index.php\/wp-json\/wp\/v2\/posts"}],"about":[{"href":"https:\/\/www.actualidadadiario.com\/index.php\/wp-json\/wp\/v2\/types\/post"}],"author":[{"embeddable":true,"href":"https:\/\/www.actualidadadiario.com\/index.php\/wp-json\/wp\/v2\/users\/3"}],"replies":[{"embeddable":true,"href":"https:\/\/www.actualidadadiario.com\/index.php\/wp-json\/wp\/v2\/comments?post=28818"}],"version-history":[{"count":1,"href":"https:\/\/www.actualidadadiario.com\/index.php\/wp-json\/wp\/v2\/posts\/28818\/revisions"}],"predecessor-version":[{"id":28819,"href":"https:\/\/www.actualidadadiario.com\/index.php\/wp-json\/wp\/v2\/posts\/28818\/revisions\/28819"}],"wp:featuredmedia":[{"embeddable":true,"href":"https:\/\/www.actualidadadiario.com\/index.php\/wp-json\/wp\/v2\/media\/28677"}],"wp:attachment":[{"href":"https:\/\/www.actualidadadiario.com\/index.php\/wp-json\/wp\/v2\/media?parent=28818"}],"wp:term":[{"taxonomy":"category","embeddable":true,"href":"https:\/\/www.actualidadadiario.com\/index.php\/wp-json\/wp\/v2\/categories?post=28818"},{"taxonomy":"post_tag","embeddable":true,"href":"https:\/\/www.actualidadadiario.com\/index.php\/wp-json\/wp\/v2\/tags?post=28818"}],"curies":[{"name":"wp","href":"https:\/\/api.w.org\/{rel}","templated":true}]}}