{"id":28815,"date":"2018-06-21T10:41:02","date_gmt":"2018-06-21T13:41:02","guid":{"rendered":"https:\/\/www.actualidadadiario.com\/?p=28815"},"modified":"2018-11-06T19:43:35","modified_gmt":"2018-11-06T22:43:35","slug":"pese-su-situacion-legal-el-foro-de-intendentes-radicales-mantuvo-a-varisco-como-su-presidente","status":"publish","type":"post","link":"https:\/\/www.actualidadadiario.com\/index.php\/2018\/06\/21\/pese-su-situacion-legal-el-foro-de-intendentes-radicales-mantuvo-a-varisco-como-su-presidente\/","title":{"rendered":"Pese su situaci\u00f3n legal, el Foro de Intendentes Radicales mantuvo a Varisco como su presidente"},"content":{"rendered":"<p><em><strong>El Foro de Intendentes Radicales se reuni\u00f3 ayer con el tema del procesamiento por narcotr\u00e1fico del presidente del cuerpo, Sergio Varisco, como asunto principal. Si bien exist\u00eda previamente una postura mayoritaria para removerlo de la titularidad, fue el propio Intendente de Paran\u00e1 quien pidi\u00f3 tiempo para producir el recambio. Los intendentes terminaron acompa\u00f1ando, por ahora, esa postura<\/strong><\/em><\/p>\n<p>&nbsp;<\/p>\n<p>&nbsp;<\/p>\n<p>&nbsp;<\/p>\n<p>\u201cNo me peguen ni me defiendan. Yo me voy a defender solo\u201d. Ese fue, palabras m\u00e1s o menos, el planteo que hizo Varisco ante sus pares en la reuni\u00f3n del Foro que se realiz\u00f3 ayer en Ram\u00edrez, indic\u00f3 uno de los mandatarios que estuvo presente en el encuentro.<\/p>\n<p>&nbsp;<\/p>\n<p>\u201cLa renovaci\u00f3n del Foro estaba prevista y el propio Varisco dijo que era necesaria y que la vamos a dar. Las autoridades tienen vigencia por dos a\u00f1os, pero ser\u00e1 un tema a tratar en las pr\u00f3ximas reuniones\u201d, indic\u00f3 la fuente.<\/p>\n<p>&nbsp;<\/p>\n<p>El objetivo de esta dilaci\u00f3n pasa por \u201csalvar la integridad de este muchacho, que est\u00e1 complicado\u201d, abund\u00f3.<\/p>\n<p>&nbsp;<\/p>\n<p>Adem\u00e1s, reconoci\u00f3 que exist\u00eda una postura previa en la mayor\u00eda de los intendentes radicales para que Varisco deje de ser el presidente del Foro. \u201cEstaba esa idea, pero no se desarroll\u00f3 porque \u00e9l mismo pidi\u00f3 antes la palabra y adelant\u00f3 que la renovaci\u00f3n era necesaria. As\u00ed, la cuesti\u00f3n qued\u00f3 zanjada\u201d, coment\u00f3.<\/p>\n<p>&nbsp;<\/p>\n<p>Fue el intendente de Bovril, Alfredo Blochinger quien a su turno pidi\u00f3 \u201cprudencia y tiempo\u201d para cambiar las autoridades del Foro porque \u201cse iba a relacionar una cosa con la otra\u201d, es decir el procesamiento por narcotr\u00e1fico de Varisco con su salida de la presidencia del Foro.<\/p>\n<p>&nbsp;<\/p>\n<p>Varisco no lleg\u00f3 solo al encuentro. Arrib\u00f3 con un s\u00e9quito integrado por su hija Luc\u00eda, su secretario privado Ricardo Guti\u00e9rrez y el concejal Carlos Gonz\u00e1lez, entre otros.<\/p>\n<p>&nbsp;<\/p>\n<p>Al hablar, el Intendente de Paran\u00e1 volvi\u00f3 a verter los mismos conceptos que viene exponiendo cada vez que le toca explicar su situaci\u00f3n. Dio detalles de la causa en base a la estrategia que arm\u00f3 su defensa, indicando que no est\u00e1 vinculado con una banda de narcotraficantes y haciendo su interpretaci\u00f3n de los c\u00f3digos que aparecen en los cuadernos secuestrados durante los allanamientos que realiz\u00f3 la Polic\u00eda Federal, algo que ya hab\u00eda hecho en la ampliaci\u00f3n de indagatoria ante el Juez Federal, Leandro R\u00edos.<\/p>\n","protected":false},"excerpt":{"rendered":"<p>El Foro de Intendentes Radicales se reuni\u00f3 ayer con el tema del procesamiento por narcotr\u00e1fico del presidente del cuerpo, Sergio Varisco, como asunto principal. Si bien exist\u00eda previamente una postura mayoritaria para removerlo de la titularidad, fue el propio Intendente de Paran\u00e1 quien pidi\u00f3 tiempo para producir el recambio. Los intendentes terminaron acompa\u00f1ando, por ahora, esa postura &nbsp; &nbsp; &nbsp; \u201cNo me peguen ni me defiendan. Yo me voy a defender solo\u201d. Ese fue, palabras m\u00e1s o menos, el planteo que hizo Varisco ante sus pares en la reuni\u00f3n del&#8230;<\/p>\n","protected":false},"author":3,"featured_media":28816,"comment_status":"closed","ping_status":"closed","sticky":false,"template":"","format":"standard","meta":[],"categories":[15],"tags":[],"_links":{"self":[{"href":"https:\/\/www.actualidadadiario.com\/index.php\/wp-json\/wp\/v2\/posts\/28815"}],"collection":[{"href":"https:\/\/www.actualidadadiario.com\/index.php\/wp-json\/wp\/v2\/posts"}],"about":[{"href":"https:\/\/www.actualidadadiario.com\/index.php\/wp-json\/wp\/v2\/types\/post"}],"author":[{"embeddable":true,"href":"https:\/\/www.actualidadadiario.com\/index.php\/wp-json\/wp\/v2\/users\/3"}],"replies":[{"embeddable":true,"href":"https:\/\/www.actualidadadiario.com\/index.php\/wp-json\/wp\/v2\/comments?post=28815"}],"version-history":[{"count":1,"href":"https:\/\/www.actualidadadiario.com\/index.php\/wp-json\/wp\/v2\/posts\/28815\/revisions"}],"predecessor-version":[{"id":28817,"href":"https:\/\/www.actualidadadiario.com\/index.php\/wp-json\/wp\/v2\/posts\/28815\/revisions\/28817"}],"wp:featuredmedia":[{"embeddable":true,"href":"https:\/\/www.actualidadadiario.com\/index.php\/wp-json\/wp\/v2\/media\/28816"}],"wp:attachment":[{"href":"https:\/\/www.actualidadadiario.com\/index.php\/wp-json\/wp\/v2\/media?parent=28815"}],"wp:term":[{"taxonomy":"category","embeddable":true,"href":"https:\/\/www.actualidadadiario.com\/index.php\/wp-json\/wp\/v2\/categories?post=28815"},{"taxonomy":"post_tag","embeddable":true,"href":"https:\/\/www.actualidadadiario.com\/index.php\/wp-json\/wp\/v2\/tags?post=28815"}],"curies":[{"name":"wp","href":"https:\/\/api.w.org\/{rel}","templated":true}]}}