{"id":28812,"date":"2018-06-21T10:40:22","date_gmt":"2018-06-21T13:40:22","guid":{"rendered":"https:\/\/www.actualidadadiario.com\/?p=28812"},"modified":"2018-11-06T19:43:35","modified_gmt":"2018-11-06T22:43:35","slug":"solanas-y-piaggio-mostraron-preocupacion-por-la-posible-instalacion-de-una-nueva-pastera","status":"publish","type":"post","link":"https:\/\/www.actualidadadiario.com\/index.php\/2018\/06\/21\/solanas-y-piaggio-mostraron-preocupacion-por-la-posible-instalacion-de-una-nueva-pastera\/","title":{"rendered":"Solanas y Piaggio mostraron preocupaci\u00f3n por la posible instalaci\u00f3n de una nueva pastera"},"content":{"rendered":"<p><em><strong>El diputado nacional Julio Solanas (PJ) junto al intendente de Gualeguaych\u00fa, Martin Piaggio, mantuvieron una reuni\u00f3n con autoridades de la Canciller\u00eda, con el objeto de expresar su preocupaci\u00f3n ante la posibilidad de la instalaci\u00f3n de una segunda pastera de UPM en Fray Bentos<\/strong><\/em><\/p>\n<p>&nbsp;<\/p>\n<p>&nbsp;<\/p>\n<p>&nbsp;<\/p>\n<p>&nbsp;<\/p>\n<p>&nbsp;<\/p>\n<p>\u201cExpresamos a las autoridades nacionales la preocupaci\u00f3n del pueblo de Gualeguaych\u00fa ante el posible emplazamiento por parte del gobierno de Uruguay, de una mega pastera que ser\u00eda superior a la ya existente, y el riesgo ambiental que ello implica para el r\u00edo Uruguay\u201d sostuvo Solanas al respecto.<\/p>\n<p>&nbsp;<\/p>\n<p>En la reuni\u00f3n de la que participaron en representaci\u00f3n de la Asamblea Ciudadana Ambiental, los doctores Navarro y Berm\u00fadez, y la Directora de Ambiente, estuvieron presentes por la Canciller\u00eda, el subsecretario de Asuntos de Am\u00e9rica, Dr. Leopoldo Sahores, la Directora General de Asuntos Ambientales, Min. Marcia Levaggi y el Presidente de la Comisi\u00f3n Administradora del R\u00edo Uruguay, Dr. Mario Vaz\u00f3n.<\/p>\n<p>&nbsp;<\/p>\n<p>\u201cManifestamos a las autoridades la necesidad de trabajar para llevar certezas sobre esta situaci\u00f3n, y no volver a experimentar la misma frustraci\u00f3n que ya gener\u00f3 la instalaci\u00f3n de la pastera en los vecinos de Gualeguaych\u00fa y en todo el pueblo entrerriano\u201d, concluy\u00f3 el diputado.<\/p>\n","protected":false},"excerpt":{"rendered":"<p>El diputado nacional Julio Solanas (PJ) junto al intendente de Gualeguaych\u00fa, Martin Piaggio, mantuvieron una reuni\u00f3n con autoridades de la Canciller\u00eda, con el objeto de expresar su preocupaci\u00f3n ante la posibilidad de la instalaci\u00f3n de una segunda pastera de UPM en Fray Bentos &nbsp; &nbsp; &nbsp; &nbsp; &nbsp; \u201cExpresamos a las autoridades nacionales la preocupaci\u00f3n del pueblo de Gualeguaych\u00fa ante el posible emplazamiento por parte del gobierno de Uruguay, de una mega pastera que ser\u00eda superior a la ya existente, y el riesgo ambiental que ello implica para el r\u00edo&#8230;<\/p>\n","protected":false},"author":3,"featured_media":28813,"comment_status":"closed","ping_status":"closed","sticky":false,"template":"","format":"standard","meta":[],"categories":[15],"tags":[],"_links":{"self":[{"href":"https:\/\/www.actualidadadiario.com\/index.php\/wp-json\/wp\/v2\/posts\/28812"}],"collection":[{"href":"https:\/\/www.actualidadadiario.com\/index.php\/wp-json\/wp\/v2\/posts"}],"about":[{"href":"https:\/\/www.actualidadadiario.com\/index.php\/wp-json\/wp\/v2\/types\/post"}],"author":[{"embeddable":true,"href":"https:\/\/www.actualidadadiario.com\/index.php\/wp-json\/wp\/v2\/users\/3"}],"replies":[{"embeddable":true,"href":"https:\/\/www.actualidadadiario.com\/index.php\/wp-json\/wp\/v2\/comments?post=28812"}],"version-history":[{"count":1,"href":"https:\/\/www.actualidadadiario.com\/index.php\/wp-json\/wp\/v2\/posts\/28812\/revisions"}],"predecessor-version":[{"id":28814,"href":"https:\/\/www.actualidadadiario.com\/index.php\/wp-json\/wp\/v2\/posts\/28812\/revisions\/28814"}],"wp:featuredmedia":[{"embeddable":true,"href":"https:\/\/www.actualidadadiario.com\/index.php\/wp-json\/wp\/v2\/media\/28813"}],"wp:attachment":[{"href":"https:\/\/www.actualidadadiario.com\/index.php\/wp-json\/wp\/v2\/media?parent=28812"}],"wp:term":[{"taxonomy":"category","embeddable":true,"href":"https:\/\/www.actualidadadiario.com\/index.php\/wp-json\/wp\/v2\/categories?post=28812"},{"taxonomy":"post_tag","embeddable":true,"href":"https:\/\/www.actualidadadiario.com\/index.php\/wp-json\/wp\/v2\/tags?post=28812"}],"curies":[{"name":"wp","href":"https:\/\/api.w.org\/{rel}","templated":true}]}}