{"id":28809,"date":"2018-06-21T10:39:33","date_gmt":"2018-06-21T13:39:33","guid":{"rendered":"https:\/\/www.actualidadadiario.com\/?p=28809"},"modified":"2018-11-06T19:43:35","modified_gmt":"2018-11-06T22:43:35","slug":"el-gobernador-insto-a-sostener-los-valores-de-abnegacion-y-compromiso-de-belgrano","status":"publish","type":"post","link":"https:\/\/www.actualidadadiario.com\/index.php\/2018\/06\/21\/el-gobernador-insto-a-sostener-los-valores-de-abnegacion-y-compromiso-de-belgrano\/","title":{"rendered":"El gobernador inst\u00f3 a sostener los valores de abnegaci\u00f3n y compromiso de Belgrano"},"content":{"rendered":"<p><em><strong>El gobernador Gustavo Bordet, rindi\u00f3 homenaje al D\u00eda de la Bandera al visitar hoy en Ibicuy junto al ministro del Interior de la Naci\u00f3n, Rogelio Frigerio, la primer Aula Taller M\u00f3vil Flotante del pa\u00eds; en tanto que el vicegobernador, Ad\u00e1n Bahl, encabez\u00f3 los actos oficiales en Villaguay<\/strong><\/em><\/p>\n<p>&nbsp;<\/p>\n<p>&nbsp;<\/p>\n<p>&nbsp;<\/p>\n<p>&nbsp;<\/p>\n<p>Bordet pidi\u00f3 honrar a Manuel Belgrano &#8220;llevando nuestra ense\u00f1a Patria bien alta y trabajando todos los d\u00edas para ser mejores personas&#8221;. Mientras que Bahl dijo que &#8220;nuestra bandera nos recuerda que tenemos que seguir luchando por lo que pensamos que es justo, por ese pa\u00eds que queremos y que tanto nos necesita&#8221;.<\/p>\n<p>&nbsp;<\/p>\n<p>En el puerto de Ibicuy, que recorri\u00f3 junto al ministro Frigerio, el gobernador visit\u00f3 la primer Aula Taller M\u00f3vil del pa\u00eds que cuenta con una lancha de apoyo que permite trasladarla a distintas localidades.<\/p>\n<p>&nbsp;<\/p>\n<p>Al referirse a la unidad educativa flotante, Bordet dijo que &#8220;es la primera que se realiza en el pa\u00eds y va a posibilitar trabajar en capacitaciones t\u00e9cnicas. Tener la posibilidad de moverse de un lugar a otro, e ir a lugares de dif\u00edcil acceso por v\u00eda terrestre, nos pone a la vanguardia en materia de educaci\u00f3n con lo cual estoy doblemente feliz para celebrar esta fecha Patria&#8221;.<\/p>\n<p>&nbsp;<\/p>\n<p>Respecto del D\u00eda de la Bandera, reflexion\u00f3: &#8220;El s\u00edmbolo patrio que m\u00e1s nos identifica es nuestra bandera, que fue creada por el general Manuel Belgrano desoyendo lo que en su momento en Cabildo le dec\u00eda pero necesitaba para ese ej\u00e9rcito que iba hacia el norte tener una divisa distintiva , que es cuando nace nuestra bandera&#8221;.<\/p>\n<p>&nbsp;<\/p>\n<p>\u201cUn d\u00eda como hoy en que se conmemora el fallecimiento de Manuel Belgrano en la m\u00e1s absoluta soledad y pobreza, con un cortejo que fue solamente con su criado y su m\u00e9dico y le pag\u00f3 los honorarios con su reloj, habla a las claras de la abnegaci\u00f3n, compromiso que toda la generaci\u00f3n de la Revoluci\u00f3n de Mayo ten\u00eda para con el pa\u00eds, y Belgrano fue uno de los padres de la Patria, as\u00ed que honrarlo en este d\u00eda y tener nuestra ense\u00f1a Patria bien alta hace que trabajemos todos los d\u00edas para ser mejores personas&#8221;, complet\u00f3.<\/p>\n<p>&nbsp;<\/p>\n<p><strong>\u00a0<\/strong><\/p>\n<p><strong>D\u00eda especial<\/strong><\/p>\n<p>Por su parte, el ministro del Interior Rogelio Frigerio, dijo que la inauguraci\u00f3n del aula &#8220;es fruto del trabajo en equipo&#8221;, y destac\u00f3 que &#8220;esta es la primera flotante especialmente dise\u00f1ada en el astillero de Diamante, para un lugar como es el de las islas, los que conocemos la zona sabemos lo que significa la dificultad del traslado&#8221;.<\/p>\n<p>&nbsp;<\/p>\n<p>Por \u00faltimo resalt\u00f3 que en la unidad de educaci\u00f3n t\u00e9cnica &#8220;se van a privilegiar contenidos que tienen que ver con la energ\u00eda renovable y tambi\u00e9n con el arreglo de los motores fuera de borda&#8221;, cuya inauguraci\u00f3n se efectu\u00f3 en &#8220;un d\u00eda tan especial para la Argentina como el D\u00eda de la Bandera, por lo que es doblemente un gusto estar aqu\u00ed&#8221;.<\/p>\n<p>&nbsp;<\/p>\n<p>El aula taller flotante permanecer\u00e1 en Islas durante cuatro meses, tiempo que dura la capacitaci\u00f3n y luego ser\u00e1 llevada a la ciudad de Victoria y el municipio de Diamante<\/p>\n<p>&nbsp;<\/p>\n<p>El aula, tiene la especialidad en Energ\u00edas Renovables y Mec\u00e1nica de Motores Na\u00faticos y lleg\u00f3 a Ibicuy, a partir de un convenio con la EET N\u00b0 96 H.O. Giorgi.<\/p>\n<p>&nbsp;<\/p>\n<p>El aula flotante, permite el desarrollo de ofertas de Formaci\u00f3n Profesional, que permitir\u00e1 con su acci\u00f3n educativa llegar a la poblaci\u00f3n isle\u00f1a, en un hecho in\u00e9dito y de estricta justicia, equidad e inclusi\u00f3n social, acercando a los isle\u00f1os, la Educaci\u00f3n T\u00e9cnico Profesional a trav\u00e9s de esta herramienta fundamental en la que se convertir\u00e1 el Aula Taller M\u00f3vil Fluvial.<\/p>\n<p>&nbsp;<\/p>\n<p>&nbsp;<\/p>\n<p><strong>Entregas y aportes<\/strong><\/p>\n<p>Durante su visita de este mi\u00e9rcoles al departamento Islas del Ibicuy, Bordet entreg\u00f3 una ambulancia de mediana complejidad para el hospital Eva Duarte, de Ceibas, que recibi\u00f3 el director Roberto Rupani; y otra de igual complejidad destinada al hospital Behring, de Ibicuy, que recibi\u00f3 su director, Luis Paj\u00f3n.<\/p>\n<p>&nbsp;<\/p>\n<p>Tambi\u00e9n entreg\u00f3 un aporte de tres millones de pesos al intendente de Villa Paranacito, Gabriel Garc\u00eda, para la obra de defensa que se financia en forma conjunta entre Naci\u00f3n y provincia.<\/p>\n<p>&nbsp;<\/p>\n<p>De las actividades participaron tambi\u00e9n la intendenta de Ceibas, Sabrina Olano; el vicentendente de Ibicuy, Rosendo Giachello; los ministros de Salud, Sonia Vel\u00e1zquez; y de Planeamiento, Luis Benedetto; la presidenta del Consejo General de Educaci\u00f3n, Marta Land\u00f3; Intendentes legisladores nacionales y provinciales; y funcionarios.<\/p>\n<p>&nbsp;<\/p>\n<p>&nbsp;<\/p>\n<p><strong>Ceremonia por el D\u00eda de la Bandera<\/strong><\/p>\n<p>Por otra parte, el vicegobernador Ad\u00e1n Bahl encabez\u00f3 la ceremonia por el D\u00eda de la Bandera en Villaguay donde soldados del Ej\u00e9rcito Argentino, cadetes del Servicio Penitenciario, aspirantes, agentes y suboficiales de la Polic\u00eda de la provincia juraron lealtad a la bandera nacional.<\/p>\n<p>&nbsp;<\/p>\n<p>El juramento tuvo lugar frente al Centro de Convenciones Papa Francisco de esa localidad, y cont\u00f3 adem\u00e1s con la presencia de la intendenta Claudia Monjo, la ministra de Gobierno y Justicia, Rosario Romero, funcionarios provinciales y locales; integrantes de la Plana Mayor de la Polic\u00eda de Entre R\u00edos e integrantes de la plana Mayor del Ej\u00e9rcito Argentino en Villaguay.<\/p>\n<p>&nbsp;<\/p>\n<p>Al hacer uso de la palabra, Bahl reflexion\u00f3: \u201cEs un gran honor estar hoy en esta localidad. Nuestra bandera nos recuerda que tenemos que seguir peleando por lo que pensamos que es justo, por ese pa\u00eds que queremos y que tanto necesita de nuestra honradez, de nuestro compromiso y de nuestra generosidad\u201d.<\/p>\n<p>&nbsp;<\/p>\n<p>\u201cEstos colores nos recuerdan qu\u00e9 y porqu\u00e9 debemos seguir luchando. Debemos honrarla con orgullo todos los d\u00edas, en el trabajo, en las escuelas, en las calles\u201d, expres\u00f3 Bahl e inst\u00f3 a los presentes a \u201ctrabajar juntos por esa patria que so\u00f1amos\u201d.<\/p>\n<p>&nbsp;<\/p>\n<p>Finalizado el juramento, se realiz\u00f3 el tradicional desfile de agrupaciones del cual participaron los soldados del Ej\u00e9rcito Argentino, cadetes de la Escuela de Oficiales Dr. Salvador Maci\u00e1 de Paran\u00e1, aspirantes para Agentes Mujeres de la Escuela de Suboficiales Gral. Francisco Ram\u00edrez de Rosario del Tala, aspirantes Varones de la Escuela de Agentes Crio. Gral. Pedro Campbell de Villaguay y cadetes del Servicio Penitenciario.<\/p>\n<p>&nbsp;<\/p>\n<p>En la oportunidad, el vicegobernador Bahl hizo entrega de un aporte del gobierno de la provincia a la municipalidad de Villaguay por 3.858.768 pesos destinado a la obra de Pavimentaci\u00f3n planta urbana Av. Alfons\u00edn y Bv. Savio de la ciudad de Paran\u00e1.<\/p>\n<p>&nbsp;<\/p>\n<p>Tambi\u00e9n, en el marco de los programas provinciales Mil Evitas y Juntas a la obra, se entregaron aportes a juntas de gobierno del departamento: Ingeniero Sajaroff, Mojones Norte, Paso de la Laguna, Ra\u00edces Oeste.<\/p>\n","protected":false},"excerpt":{"rendered":"<p>El gobernador Gustavo Bordet, rindi\u00f3 homenaje al D\u00eda de la Bandera al visitar hoy en Ibicuy junto al ministro del Interior de la Naci\u00f3n, Rogelio Frigerio, la primer Aula Taller M\u00f3vil Flotante del pa\u00eds; en tanto que el vicegobernador, Ad\u00e1n Bahl, encabez\u00f3 los actos oficiales en Villaguay &nbsp; &nbsp; &nbsp; &nbsp; Bordet pidi\u00f3 honrar a Manuel Belgrano &#8220;llevando nuestra ense\u00f1a Patria bien alta y trabajando todos los d\u00edas para ser mejores personas&#8221;. Mientras que Bahl dijo que &#8220;nuestra bandera nos recuerda que tenemos que seguir luchando por lo que pensamos&#8230;<\/p>\n","protected":false},"author":3,"featured_media":28810,"comment_status":"closed","ping_status":"closed","sticky":false,"template":"","format":"standard","meta":[],"categories":[9,15],"tags":[],"_links":{"self":[{"href":"https:\/\/www.actualidadadiario.com\/index.php\/wp-json\/wp\/v2\/posts\/28809"}],"collection":[{"href":"https:\/\/www.actualidadadiario.com\/index.php\/wp-json\/wp\/v2\/posts"}],"about":[{"href":"https:\/\/www.actualidadadiario.com\/index.php\/wp-json\/wp\/v2\/types\/post"}],"author":[{"embeddable":true,"href":"https:\/\/www.actualidadadiario.com\/index.php\/wp-json\/wp\/v2\/users\/3"}],"replies":[{"embeddable":true,"href":"https:\/\/www.actualidadadiario.com\/index.php\/wp-json\/wp\/v2\/comments?post=28809"}],"version-history":[{"count":1,"href":"https:\/\/www.actualidadadiario.com\/index.php\/wp-json\/wp\/v2\/posts\/28809\/revisions"}],"predecessor-version":[{"id":28811,"href":"https:\/\/www.actualidadadiario.com\/index.php\/wp-json\/wp\/v2\/posts\/28809\/revisions\/28811"}],"wp:featuredmedia":[{"embeddable":true,"href":"https:\/\/www.actualidadadiario.com\/index.php\/wp-json\/wp\/v2\/media\/28810"}],"wp:attachment":[{"href":"https:\/\/www.actualidadadiario.com\/index.php\/wp-json\/wp\/v2\/media?parent=28809"}],"wp:term":[{"taxonomy":"category","embeddable":true,"href":"https:\/\/www.actualidadadiario.com\/index.php\/wp-json\/wp\/v2\/categories?post=28809"},{"taxonomy":"post_tag","embeddable":true,"href":"https:\/\/www.actualidadadiario.com\/index.php\/wp-json\/wp\/v2\/tags?post=28809"}],"curies":[{"name":"wp","href":"https:\/\/api.w.org\/{rel}","templated":true}]}}