{"id":28806,"date":"2018-06-19T10:41:11","date_gmt":"2018-06-19T13:41:11","guid":{"rendered":"https:\/\/www.actualidadadiario.com\/?p=28806"},"modified":"2018-11-06T19:43:35","modified_gmt":"2018-11-06T22:43:35","slug":"sampaoli-probo-un-equipo-de-cara-a-croacia-sin-angel-di-maria","status":"publish","type":"post","link":"https:\/\/www.actualidadadiario.com\/index.php\/2018\/06\/19\/sampaoli-probo-un-equipo-de-cara-a-croacia-sin-angel-di-maria\/","title":{"rendered":"Sampaoli prob\u00f3 un equipo de cara a Croacia, sin \u00c1ngel Di Mar\u00eda"},"content":{"rendered":"<p><em><strong>Adem\u00e1s, par\u00f3 una l\u00ednea de tres defensores. Tambi\u00e9n saldr\u00edan del equipo Marcos Rojo y Lucas Biglia. Ingresar\u00eda Marcos Acu\u00f1a<\/strong><\/em><\/p>\n<p>&nbsp;<\/p>\n<p>&nbsp;<\/p>\n<p>&nbsp;<\/p>\n<p>&nbsp;<\/p>\n<p>&nbsp;<\/p>\n<p>El entrenador de la Selecci\u00f3n argentina, Jorge Sampaoli, ensay\u00f3 este lunes con un probable equipo para enfrentar a Croacia en el que se destaca la ausencia de \u00c1ngel Di Mar\u00eda y el retorno a la l\u00ednea de tres defensores.<\/p>\n<p>&nbsp;<\/p>\n<p>Si se toma como par\u00e1metro la alineaci\u00f3n que viene de igualar 1 a 1 frente a Islandia, adem\u00e1s saldr\u00edan Marcos Rojo y Lucas Biglia.<\/p>\n<p>&nbsp;<\/p>\n<p>Di Mar\u00eda se entren\u00f3 para el equipo suplente y su lugar ser\u00e1 ocupado por Cristian Pav\u00f3n, de buen ingreso en el debut de la Selecci\u00f3n.<\/p>\n<p>&nbsp;<\/p>\n<p>Adem\u00e1s, Gabriel Mercado ocupar\u00e1 un lugar en la defensa por Rojo y Salvio se colocar\u00e1 en la l\u00ednea de tres mediocampistas.<\/p>\n<p>&nbsp;<\/p>\n<p>Por \u00faltimo, Marcos Acu\u00f1a ingresar\u00e1 por Biglia, quien tuvo una p\u00e9sima actuaci\u00f3n frente a Islandia, al igual que Di Mar\u00eda.<\/p>\n","protected":false},"excerpt":{"rendered":"<p>Adem\u00e1s, par\u00f3 una l\u00ednea de tres defensores. Tambi\u00e9n saldr\u00edan del equipo Marcos Rojo y Lucas Biglia. Ingresar\u00eda Marcos Acu\u00f1a &nbsp; &nbsp; &nbsp; &nbsp; &nbsp; El entrenador de la Selecci\u00f3n argentina, Jorge Sampaoli, ensay\u00f3 este lunes con un probable equipo para enfrentar a Croacia en el que se destaca la ausencia de \u00c1ngel Di Mar\u00eda y el retorno a la l\u00ednea de tres defensores. &nbsp; Si se toma como par\u00e1metro la alineaci\u00f3n que viene de igualar 1 a 1 frente a Islandia, adem\u00e1s saldr\u00edan Marcos Rojo y Lucas Biglia. &nbsp; Di&#8230;<\/p>\n","protected":false},"author":3,"featured_media":28737,"comment_status":"closed","ping_status":"closed","sticky":false,"template":"","format":"standard","meta":[],"categories":[4],"tags":[],"_links":{"self":[{"href":"https:\/\/www.actualidadadiario.com\/index.php\/wp-json\/wp\/v2\/posts\/28806"}],"collection":[{"href":"https:\/\/www.actualidadadiario.com\/index.php\/wp-json\/wp\/v2\/posts"}],"about":[{"href":"https:\/\/www.actualidadadiario.com\/index.php\/wp-json\/wp\/v2\/types\/post"}],"author":[{"embeddable":true,"href":"https:\/\/www.actualidadadiario.com\/index.php\/wp-json\/wp\/v2\/users\/3"}],"replies":[{"embeddable":true,"href":"https:\/\/www.actualidadadiario.com\/index.php\/wp-json\/wp\/v2\/comments?post=28806"}],"version-history":[{"count":1,"href":"https:\/\/www.actualidadadiario.com\/index.php\/wp-json\/wp\/v2\/posts\/28806\/revisions"}],"predecessor-version":[{"id":28807,"href":"https:\/\/www.actualidadadiario.com\/index.php\/wp-json\/wp\/v2\/posts\/28806\/revisions\/28807"}],"wp:featuredmedia":[{"embeddable":true,"href":"https:\/\/www.actualidadadiario.com\/index.php\/wp-json\/wp\/v2\/media\/28737"}],"wp:attachment":[{"href":"https:\/\/www.actualidadadiario.com\/index.php\/wp-json\/wp\/v2\/media?parent=28806"}],"wp:term":[{"taxonomy":"category","embeddable":true,"href":"https:\/\/www.actualidadadiario.com\/index.php\/wp-json\/wp\/v2\/categories?post=28806"},{"taxonomy":"post_tag","embeddable":true,"href":"https:\/\/www.actualidadadiario.com\/index.php\/wp-json\/wp\/v2\/tags?post=28806"}],"curies":[{"name":"wp","href":"https:\/\/api.w.org\/{rel}","templated":true}]}}