{"id":28799,"date":"2018-06-19T10:38:14","date_gmt":"2018-06-19T13:38:14","guid":{"rendered":"https:\/\/www.actualidadadiario.com\/?p=28799"},"modified":"2018-11-06T19:43:39","modified_gmt":"2018-11-06T22:43:39","slug":"escandalo-mundial-por-el-maltrato-a-ninos-migrantes-en-estados-unidos","status":"publish","type":"post","link":"https:\/\/www.actualidadadiario.com\/index.php\/2018\/06\/19\/escandalo-mundial-por-el-maltrato-a-ninos-migrantes-en-estados-unidos\/","title":{"rendered":"Esc\u00e1ndalo mundial por el maltrato a ni\u00f1os migrantes en Estados Unidos"},"content":{"rendered":"<p><em><strong>Donald Trump se mostr\u00f3 orgulloso de su plan de separaci\u00f3n de ni\u00f1os de sus padres migrantes. Cr\u00edticas desde el Partido Dem\u00f3crata e incluso desde el oficialismo<\/strong><\/em><\/p>\n<p>&nbsp;<\/p>\n<p>&nbsp;<\/p>\n<p>&nbsp;<\/p>\n<p>&nbsp;<\/p>\n<p>El presidente estadounidense, Donald Trump, defendi\u00f3 las pol\u00edticas de &#8220;protecci\u00f3n fronteriza&#8221; que lleva adelante su gobierno y que incluyen la separaci\u00f3n de las familias que ingresan al pa\u00eds de forma ilegal.<\/p>\n<p>&nbsp;<\/p>\n<p>La situaci\u00f3n, que fue difundida a trav\u00e9s de videos que muestran el calvario que pasan los ni\u00f1os separados de sus padres y encerrados en jaulas, caus\u00f3 indignaci\u00f3n en el pa\u00eds norteamericano.<\/p>\n<p>&nbsp;<\/p>\n<p>&#8220;Se necesitan medidas estrictas para combatir la inmigraci\u00f3n ilegal&#8221;, afirm\u00f3 el magnate derechista y declar\u00f3 que Estados Unidos \u201cno ser\u00e1 un campamento ni un centro de refugiados&#8221;.<\/p>\n<p>&nbsp;<\/p>\n<p>Las im\u00e1genes de ni\u00f1os enjaulados fueron condenadas por ambos partidos pol\u00edticos de ese pa\u00eds y tambi\u00e9n de cuatro ex primeras damas y l\u00edderes evang\u00e9licos.<\/p>\n<p>&nbsp;<\/p>\n<p>\u201cDigo que la culpa recae con bastante fuerza en los dem\u00f3cratas\u201d, declar\u00f3 tambi\u00e9n el l\u00edder de Washington, que fue acusado de &#8220;inhumano&#8221; e &#8220;inmoral&#8221; por distintos sectores.<\/p>\n<p>&nbsp;<\/p>\n<p>En tanto, la C\u00e1mara de Representantes estudia normas que restrinjan la separaci\u00f3n de los ni\u00f1os migrantes de sus padres. El dato fue filtrado por los propios republicanos, que ven en esta actitud virulenta de Trump un impedimento para sus aspiraciones electorales.<\/p>\n<p>&nbsp;<\/p>\n<p>Casi 2.000 ni\u00f1os fueron separados de sus familias entre abril y mayo, despu\u00e9s que el secretario de Justicia Jeff Sessions anunciara una pol\u00edtica de &#8220;tolerancia cero&#8221; que ordena que todos los detenidos por entrar al pa\u00eds ilegalmente sean llevados a la fiscal\u00eda para que se les presenten cargos.<\/p>\n<p>&nbsp;<\/p>\n<p>La secretaria de Seguridad Nacional, Kirstjen Nielsen, rechaz\u00f3 las acusaciones que la dependencia est\u00e9 actuando de manera inhumana e inmoral.<\/p>\n<p>&nbsp;<\/p>\n<p>\u201cNo nos disculparemos por el trabajo que hacemos ni por el trabajo que los agentes hacen y que el pueblo estadounidense espera que hagamos\u201d, afirm\u00f3 Nielsen en un discurso ante la Asociaci\u00f3n Nacional de Sheriffs en Nueva Orleans.<\/p>\n","protected":false},"excerpt":{"rendered":"<p>Donald Trump se mostr\u00f3 orgulloso de su plan de separaci\u00f3n de ni\u00f1os de sus padres migrantes. Cr\u00edticas desde el Partido Dem\u00f3crata e incluso desde el oficialismo &nbsp; &nbsp; &nbsp; &nbsp; El presidente estadounidense, Donald Trump, defendi\u00f3 las pol\u00edticas de &#8220;protecci\u00f3n fronteriza&#8221; que lleva adelante su gobierno y que incluyen la separaci\u00f3n de las familias que ingresan al pa\u00eds de forma ilegal. &nbsp; La situaci\u00f3n, que fue difundida a trav\u00e9s de videos que muestran el calvario que pasan los ni\u00f1os separados de sus padres y encerrados en jaulas, caus\u00f3 indignaci\u00f3n en&#8230;<\/p>\n","protected":false},"author":3,"featured_media":28800,"comment_status":"closed","ping_status":"closed","sticky":false,"template":"","format":"standard","meta":[],"categories":[4],"tags":[],"_links":{"self":[{"href":"https:\/\/www.actualidadadiario.com\/index.php\/wp-json\/wp\/v2\/posts\/28799"}],"collection":[{"href":"https:\/\/www.actualidadadiario.com\/index.php\/wp-json\/wp\/v2\/posts"}],"about":[{"href":"https:\/\/www.actualidadadiario.com\/index.php\/wp-json\/wp\/v2\/types\/post"}],"author":[{"embeddable":true,"href":"https:\/\/www.actualidadadiario.com\/index.php\/wp-json\/wp\/v2\/users\/3"}],"replies":[{"embeddable":true,"href":"https:\/\/www.actualidadadiario.com\/index.php\/wp-json\/wp\/v2\/comments?post=28799"}],"version-history":[{"count":2,"href":"https:\/\/www.actualidadadiario.com\/index.php\/wp-json\/wp\/v2\/posts\/28799\/revisions"}],"predecessor-version":[{"id":28802,"href":"https:\/\/www.actualidadadiario.com\/index.php\/wp-json\/wp\/v2\/posts\/28799\/revisions\/28802"}],"wp:featuredmedia":[{"embeddable":true,"href":"https:\/\/www.actualidadadiario.com\/index.php\/wp-json\/wp\/v2\/media\/28800"}],"wp:attachment":[{"href":"https:\/\/www.actualidadadiario.com\/index.php\/wp-json\/wp\/v2\/media?parent=28799"}],"wp:term":[{"taxonomy":"category","embeddable":true,"href":"https:\/\/www.actualidadadiario.com\/index.php\/wp-json\/wp\/v2\/categories?post=28799"},{"taxonomy":"post_tag","embeddable":true,"href":"https:\/\/www.actualidadadiario.com\/index.php\/wp-json\/wp\/v2\/tags?post=28799"}],"curies":[{"name":"wp","href":"https:\/\/api.w.org\/{rel}","templated":true}]}}