{"id":28796,"date":"2018-06-19T10:37:37","date_gmt":"2018-06-19T13:37:37","guid":{"rendered":"https:\/\/www.actualidadadiario.com\/?p=28796"},"modified":"2018-11-06T19:43:39","modified_gmt":"2018-11-06T22:43:39","slug":"francisco-se-mete-en-la-guerra-contra-las-fake-news-debilitan-la-vida-democratica","status":"publish","type":"post","link":"https:\/\/www.actualidadadiario.com\/index.php\/2018\/06\/19\/francisco-se-mete-en-la-guerra-contra-las-fake-news-debilitan-la-vida-democratica\/","title":{"rendered":"Francisco se mete en la guerra contra las fake news: &#8220;debilitan la vida democr\u00e1tica&#8221;"},"content":{"rendered":"<p><em><strong>Tambi\u00e9n se refiri\u00f3 a una supuesta &#8220;ley de medios&#8221;, derogada parcialmente en Argentina. Seg\u00fan El Vaticano, Francisco no aludi\u00f3 a ning\u00fan gobierno en especial<\/strong><\/em><\/p>\n<p>&nbsp;<\/p>\n<p>&nbsp;<\/p>\n<p>&nbsp;<\/p>\n<p>&nbsp;<\/p>\n<p>Donald Trump no es el \u00fanico l\u00edder mundial en guerra contra las noticias falsas, o fake news. El papa argentino Francisco, en la misa matutina del lunes en la residencia vaticana de Santa Marta, denunci\u00f3 la utilizaci\u00f3n de &#8220;comunicaciones calumniosas&#8221; para destruir las instituciones o a las personas y advirti\u00f3 que as\u00ed se llega a la dictadura. Se empieza con una mentira y, &#8220;despu\u00e9s de haber destruido a una persona o a una situaci\u00f3n con esa calumnia&#8221;, se juzga y se condena. &#8220;A\u00fan hoy, en tantos pa\u00edses, se usa este m\u00e9todo: destruir la libre comunicaci\u00f3n&#8221;, dijo Francisco en su homil\u00eda, citada por Vatican News.<\/p>\n<p>&nbsp;<\/p>\n<p>El pont\u00edfice narr\u00f3 la historia de Nabot, a quien el rey Acab le sustrajo la corona con la calumnia. Seg\u00fan el papa, ese es el modo de proceder de &#8220;tantos jefes de Estado y de gobierno&#8221;. &#8220;Por ejemplo pensemos&#8221;, dijo Francisco; &#8220;Hay una ley de medios, de comunicaci\u00f3n, se cancela esa ley; se da todo el aparato de la comunicaci\u00f3n a una empresa, a una sociedad que calumnia, dice falsedades, debilita la vida democr\u00e1tica&#8221;. Seg\u00fan El Vaticano, las palabras de Francisco no aludieron a ning\u00fan gobierno en espec\u00edfico.<\/p>\n<p>&nbsp;<\/p>\n<p>En su homil\u00eda, Francisco dijo que &#8220;despu\u00e9s llegan los jueces a juzgar estas instituciones debilitadas, a estas personas destruidas, condenan, y as\u00ed va adelante una dictadura&#8221;, indic\u00f3. Agreg\u00f3, adem\u00e1s, que &#8220;las dictaduras, todas, comenzaron as\u00ed, adulterando la comunicaci\u00f3n, para poner la comunicaci\u00f3n en las manos de una persona sin escr\u00fapulos, de un gobierno sin escr\u00fapulos&#8221;. &#8220;Aun en la vida cotidiana es as\u00ed. Si se quiere destruir a una persona, se comienza con la comunicaci\u00f3n, a hablar, calumniar, decir esc\u00e1ndalos&#8221;, reflexion\u00f3 Francisco.<\/p>\n<p>&nbsp;<\/p>\n<p>&#8220;Y comunicar esc\u00e1ndalos -prosigui\u00f3- es un hecho que tiene una seducci\u00f3n enorme, una gran seducci\u00f3n. Se seduce con los esc\u00e1ndalos. Las buenas noticias no son seductoras: S\u00ed, pero que lindo lo que ha hecho! Y pasa&#8230; pero un esc\u00e1ndalo: \u00bfPero viste? \u00bfViste esto? \u00bfViste esa otra cosa que hizo? Esta situaci\u00f3n&#8230; Pero no puede, no se puede ir adelante as\u00ed!&#8221;, advirti\u00f3. Como si predicara en defensa propia, Francisco dijo que &#8220;la comunicaci\u00f3n crece, y esa persona, esa instituci\u00f3n, ese pa\u00eds termina en la ruina. No se juzgan a las personas. Se juzgan las ruinas de las personas o de las instituciones porque no pueden defenderse&#8221;.<\/p>\n<p>&nbsp;<\/p>\n<p>&#8220;Tantas personas, tantos pa\u00edses destruidos por dictaduras malvadas y calumniosas. Pensemos por ejemplo en las dictaduras del siglo pasado. Pensemos en las persecuciones de los jud\u00edos, por ejemplo. Una comunicaci\u00f3n calumniosa, contra los jud\u00edos; y terminaban en Auschwitz&#8221;, record\u00f3 el papa. &#8220;porque no merec\u00edan vivir&#8230; Oh, es un horror, pero un horror que sucede hoy, En las peque\u00f1as sociedades, en las personas y en tantos pa\u00edses. El primer paso es apropiarse de la comunicaci\u00f3n, y despu\u00e9s la destrucci\u00f3n, el juicio y la muerte&#8221;, sostuvo. Esta fue la segunda vez en menos de un mes que el l\u00edder de los cat\u00f3licos habla del periodismo.<\/p>\n","protected":false},"excerpt":{"rendered":"<p>Tambi\u00e9n se refiri\u00f3 a una supuesta &#8220;ley de medios&#8221;, derogada parcialmente en Argentina. Seg\u00fan El Vaticano, Francisco no aludi\u00f3 a ning\u00fan gobierno en especial &nbsp; &nbsp; &nbsp; &nbsp; Donald Trump no es el \u00fanico l\u00edder mundial en guerra contra las noticias falsas, o fake news. El papa argentino Francisco, en la misa matutina del lunes en la residencia vaticana de Santa Marta, denunci\u00f3 la utilizaci\u00f3n de &#8220;comunicaciones calumniosas&#8221; para destruir las instituciones o a las personas y advirti\u00f3 que as\u00ed se llega a la dictadura. Se empieza con una mentira&#8230;<\/p>\n","protected":false},"author":3,"featured_media":28797,"comment_status":"closed","ping_status":"closed","sticky":false,"template":"","format":"standard","meta":[],"categories":[4],"tags":[],"_links":{"self":[{"href":"https:\/\/www.actualidadadiario.com\/index.php\/wp-json\/wp\/v2\/posts\/28796"}],"collection":[{"href":"https:\/\/www.actualidadadiario.com\/index.php\/wp-json\/wp\/v2\/posts"}],"about":[{"href":"https:\/\/www.actualidadadiario.com\/index.php\/wp-json\/wp\/v2\/types\/post"}],"author":[{"embeddable":true,"href":"https:\/\/www.actualidadadiario.com\/index.php\/wp-json\/wp\/v2\/users\/3"}],"replies":[{"embeddable":true,"href":"https:\/\/www.actualidadadiario.com\/index.php\/wp-json\/wp\/v2\/comments?post=28796"}],"version-history":[{"count":1,"href":"https:\/\/www.actualidadadiario.com\/index.php\/wp-json\/wp\/v2\/posts\/28796\/revisions"}],"predecessor-version":[{"id":28798,"href":"https:\/\/www.actualidadadiario.com\/index.php\/wp-json\/wp\/v2\/posts\/28796\/revisions\/28798"}],"wp:featuredmedia":[{"embeddable":true,"href":"https:\/\/www.actualidadadiario.com\/index.php\/wp-json\/wp\/v2\/media\/28797"}],"wp:attachment":[{"href":"https:\/\/www.actualidadadiario.com\/index.php\/wp-json\/wp\/v2\/media?parent=28796"}],"wp:term":[{"taxonomy":"category","embeddable":true,"href":"https:\/\/www.actualidadadiario.com\/index.php\/wp-json\/wp\/v2\/categories?post=28796"},{"taxonomy":"post_tag","embeddable":true,"href":"https:\/\/www.actualidadadiario.com\/index.php\/wp-json\/wp\/v2\/tags?post=28796"}],"curies":[{"name":"wp","href":"https:\/\/api.w.org\/{rel}","templated":true}]}}