{"id":28790,"date":"2018-06-19T10:36:06","date_gmt":"2018-06-19T13:36:06","guid":{"rendered":"https:\/\/www.actualidadadiario.com\/?p=28790"},"modified":"2018-11-06T19:43:39","modified_gmt":"2018-11-06T22:43:39","slug":"prision-perpetua-por-el-travesticidio-de-diana-sacayan","status":"publish","type":"post","link":"https:\/\/www.actualidadadiario.com\/index.php\/2018\/06\/19\/prision-perpetua-por-el-travesticidio-de-diana-sacayan\/","title":{"rendered":"Prisi\u00f3n perpetua por el travesticidio de Diana Sacay\u00e1n"},"content":{"rendered":"<p><em><strong>Se trata de un fallo hist\u00f3rico porque el tribunal consider\u00f3 que el asesinato que cometi\u00f3 Gabriel David Marino se trat\u00f3 de un crimen de odio en el que medi\u00f3 violencia de g\u00e9nero<\/strong><\/em><\/p>\n<p>&nbsp;<\/p>\n<p>&nbsp;<\/p>\n<p>&nbsp;<\/p>\n<p>&nbsp;<\/p>\n<p>Luego de 11 audiencias, el juicio por el travesticidio de la referente de derechos humanos Diana Sacay\u00e1n, cerr\u00f3 con una sentencia de prisi\u00f3n perpetua para Gabriel David Marino por travesticidio. En un fallo hist\u00f3rico, el Tribunal Oral N\u00ba4 consider\u00f3 que se trat\u00f3 de un crimen de odio y que medi\u00f3 la violencia de g\u00e9nero.<\/p>\n<p>&nbsp;<\/p>\n<p>En la madrugada del 11 de octubre de 2015, en su casa del barrio de Flores, Diana fue brutalmente asesinada y la causa fue caratulada como \u201ccrimen de odio por motivos de identidad de g\u00e9nero, violencia de g\u00e9nero y alevos\u00eda\u201d, siendo la primera vez en la historia que una investigaci\u00f3n judicial reconoce la figura de travesticidio y de crimen de odio en el caso de una persona del colectivo travesti, trans.<\/p>\n<p>&nbsp;<\/p>\n<p>Sacay\u00e1n fue una de las impulsoras de la Ley de Identidad de G\u00e9nero que rige en Argentina y de la Ley de cupo laboral travesti trans que obliga que el uno por ciento de la administraci\u00f3n p\u00fablica de la provincia de Buenos Aires sean travestis y trans.<\/p>\n","protected":false},"excerpt":{"rendered":"<p>Se trata de un fallo hist\u00f3rico porque el tribunal consider\u00f3 que el asesinato que cometi\u00f3 Gabriel David Marino se trat\u00f3 de un crimen de odio en el que medi\u00f3 violencia de g\u00e9nero &nbsp; &nbsp; &nbsp; &nbsp; Luego de 11 audiencias, el juicio por el travesticidio de la referente de derechos humanos Diana Sacay\u00e1n, cerr\u00f3 con una sentencia de prisi\u00f3n perpetua para Gabriel David Marino por travesticidio. En un fallo hist\u00f3rico, el Tribunal Oral N\u00ba4 consider\u00f3 que se trat\u00f3 de un crimen de odio y que medi\u00f3 la violencia de g\u00e9nero&#8230;.<\/p>\n","protected":false},"author":3,"featured_media":28791,"comment_status":"closed","ping_status":"closed","sticky":false,"template":"","format":"standard","meta":[],"categories":[4],"tags":[],"_links":{"self":[{"href":"https:\/\/www.actualidadadiario.com\/index.php\/wp-json\/wp\/v2\/posts\/28790"}],"collection":[{"href":"https:\/\/www.actualidadadiario.com\/index.php\/wp-json\/wp\/v2\/posts"}],"about":[{"href":"https:\/\/www.actualidadadiario.com\/index.php\/wp-json\/wp\/v2\/types\/post"}],"author":[{"embeddable":true,"href":"https:\/\/www.actualidadadiario.com\/index.php\/wp-json\/wp\/v2\/users\/3"}],"replies":[{"embeddable":true,"href":"https:\/\/www.actualidadadiario.com\/index.php\/wp-json\/wp\/v2\/comments?post=28790"}],"version-history":[{"count":1,"href":"https:\/\/www.actualidadadiario.com\/index.php\/wp-json\/wp\/v2\/posts\/28790\/revisions"}],"predecessor-version":[{"id":28792,"href":"https:\/\/www.actualidadadiario.com\/index.php\/wp-json\/wp\/v2\/posts\/28790\/revisions\/28792"}],"wp:featuredmedia":[{"embeddable":true,"href":"https:\/\/www.actualidadadiario.com\/index.php\/wp-json\/wp\/v2\/media\/28791"}],"wp:attachment":[{"href":"https:\/\/www.actualidadadiario.com\/index.php\/wp-json\/wp\/v2\/media?parent=28790"}],"wp:term":[{"taxonomy":"category","embeddable":true,"href":"https:\/\/www.actualidadadiario.com\/index.php\/wp-json\/wp\/v2\/categories?post=28790"},{"taxonomy":"post_tag","embeddable":true,"href":"https:\/\/www.actualidadadiario.com\/index.php\/wp-json\/wp\/v2\/tags?post=28790"}],"curies":[{"name":"wp","href":"https:\/\/api.w.org\/{rel}","templated":true}]}}