{"id":2879,"date":"2016-10-19T09:20:51","date_gmt":"2016-10-19T12:20:51","guid":{"rendered":"http:\/\/actualidadadiario.com\/site\/?p=2879"},"modified":"2016-10-19T09:20:51","modified_gmt":"2016-10-19T12:20:51","slug":"la-historia-del-nieto-recuperado-121-contada-en-primera-persona","status":"publish","type":"post","link":"https:\/\/www.actualidadadiario.com\/index.php\/2016\/10\/19\/la-historia-del-nieto-recuperado-121-contada-en-primera-persona\/","title":{"rendered":"La historia del nieto recuperado 121, contada en primera persona"},"content":{"rendered":"<p><em><strong>&#8220;Prefiero que haya pasado y seguir para adelante a haberme perdido para siempre esto&#8221;, relat\u00f3 Maximiliano Menna Lanzillotto<\/strong><\/em><\/p>\n<p>&nbsp;<\/p>\n<p>&nbsp;<\/p>\n<p>&nbsp;<\/p>\n<p>&nbsp;<\/p>\n<p>Maximiliano Menna Lanzillotto, el nieto recuperado 121, afirm\u00f3 que pudo dialogar con su familia de origen como si se conocieran &#8220;desde siempre&#8221; y destac\u00f3 que pudo &#8220;conocer esta verdad que, de otra forma hubiera perdido para siempre&#8221;. &#8220;Gracias a Abuelas de Plaza de Mayo y a la Conadi pude conocer esta verdad que, de otra forma, hubiera perdido para siempre&#8221;, se\u00f1al\u00f3 el hijo de Domingo Menna y Ana Mar\u00eda Lanzilotto.<\/p>\n<p>&nbsp;<\/p>\n<p>En declaraciones al diario P\u00e1gina 12, Maximiliano indic\u00f3 que vive esta situaci\u00f3n &#8220;como el descubrimiento de una realidad nueva, la posibilidad de ponerme en contacto con una parte de mi historia que desconoc\u00eda totalmente&#8221;.<\/p>\n<p>&nbsp;<\/p>\n<p>&#8220;No siento que soy otro de golpe, nunca sent\u00ed que no sab\u00eda qui\u00e9n era, sino que ten\u00eda de repente la posibilidad de encontrarle explicaci\u00f3n y significado a muchas cosas que quiz\u00e1s antes no me hab\u00eda puesto a reflexionar, ten\u00eda la posibilidad de acceder a una verdad que me completa. Quiero saber m\u00e1s de mis padres, le encuentro otro significado a recuerdos, a inquietudes que tuve y que nunca les hab\u00eda atribuido raz\u00f3n clara&#8221;, dijo.<\/p>\n<p>&nbsp;<\/p>\n<p>Adem\u00e1s, revel\u00f3: &#8220;En estos meses sent\u00ed que se me agrand\u00f3 el coraz\u00f3n un poco. De ninguna manera esto significa un reemplazo de una historia por otra, sino el descubrimiento de una parte de m\u00ed que hasta ahora desconoc\u00ed&#8221;.<\/p>\n<p>&nbsp;<\/p>\n<p>&#8220;Prefiero que haya pasado y seguir para adelante a haberme perdido para siempre esto. Aquel momento en el que me dieron la noticia fue un impacto. Me gan\u00f3 el desconcierto, no lograba dejar de preguntarme si lo que me estaba pasando era efectivamente as\u00ed. Pero cuando vi la fotos en la carpeta, ya no me quedaron dudas&#8221;, agreg\u00f3.<\/p>\n<p>&nbsp;<\/p>\n<p>Adem\u00e1s destac\u00f3: &#8220;Me tranquiliz\u00f3 el cuidado y el respeto que tienen en la Conadi, que es impresionante. Me trataron b\u00e1rbaro, me informaron sobre todo, respetaron mis tiempos para difundir la cuesti\u00f3n&#8221;.<\/p>\n<p>&nbsp;<\/p>\n<p>&#8220;A mi mam\u00e1 de crianza le pregunt\u00e9 si se imaginaba por qu\u00e9 quer\u00eda hablar con ella y se le llenaron los ojos de l\u00e1grimas. Le cont\u00e9 sobre la prueba de ADN por la que la hab\u00eda consultado cinco meses atr\u00e1s y me pregunt\u00f3 si hab\u00eda dado positivo. Le dije que s\u00ed y le transmit\u00ed lo que siento hoy, incluso: que no tengo ning\u00fan reclamo hacia ellos, solo gratitud de que me hayan criado desde ese momento hasta ahora, pero quer\u00eda saber qu\u00e9 hab\u00eda pasado&#8221;, agreg\u00f3.<\/p>\n","protected":false},"excerpt":{"rendered":"<p>&#8220;Prefiero que haya pasado y seguir para adelante a haberme perdido para siempre esto&#8221;, relat\u00f3 Maximiliano Menna Lanzillotto &nbsp; &nbsp; &nbsp; &nbsp; Maximiliano Menna Lanzillotto, el nieto recuperado 121, afirm\u00f3 que pudo dialogar con su familia de origen como si se conocieran &#8220;desde siempre&#8221; y destac\u00f3 que pudo &#8220;conocer esta verdad que, de otra forma hubiera perdido para siempre&#8221;. &#8220;Gracias a Abuelas de Plaza de Mayo y a la Conadi pude conocer esta verdad que, de otra forma, hubiera perdido para siempre&#8221;, se\u00f1al\u00f3 el hijo de Domingo Menna y Ana&#8230;<\/p>\n","protected":false},"author":3,"featured_media":2880,"comment_status":"closed","ping_status":"closed","sticky":false,"template":"","format":"standard","meta":[],"categories":[4],"tags":[],"_links":{"self":[{"href":"https:\/\/www.actualidadadiario.com\/index.php\/wp-json\/wp\/v2\/posts\/2879"}],"collection":[{"href":"https:\/\/www.actualidadadiario.com\/index.php\/wp-json\/wp\/v2\/posts"}],"about":[{"href":"https:\/\/www.actualidadadiario.com\/index.php\/wp-json\/wp\/v2\/types\/post"}],"author":[{"embeddable":true,"href":"https:\/\/www.actualidadadiario.com\/index.php\/wp-json\/wp\/v2\/users\/3"}],"replies":[{"embeddable":true,"href":"https:\/\/www.actualidadadiario.com\/index.php\/wp-json\/wp\/v2\/comments?post=2879"}],"version-history":[{"count":1,"href":"https:\/\/www.actualidadadiario.com\/index.php\/wp-json\/wp\/v2\/posts\/2879\/revisions"}],"predecessor-version":[{"id":2881,"href":"https:\/\/www.actualidadadiario.com\/index.php\/wp-json\/wp\/v2\/posts\/2879\/revisions\/2881"}],"wp:featuredmedia":[{"embeddable":true,"href":"https:\/\/www.actualidadadiario.com\/index.php\/wp-json\/wp\/v2\/media\/2880"}],"wp:attachment":[{"href":"https:\/\/www.actualidadadiario.com\/index.php\/wp-json\/wp\/v2\/media?parent=2879"}],"wp:term":[{"taxonomy":"category","embeddable":true,"href":"https:\/\/www.actualidadadiario.com\/index.php\/wp-json\/wp\/v2\/categories?post=2879"},{"taxonomy":"post_tag","embeddable":true,"href":"https:\/\/www.actualidadadiario.com\/index.php\/wp-json\/wp\/v2\/tags?post=2879"}],"curies":[{"name":"wp","href":"https:\/\/api.w.org\/{rel}","templated":true}]}}