{"id":28787,"date":"2018-06-19T10:35:24","date_gmt":"2018-06-19T13:35:24","guid":{"rendered":"https:\/\/www.actualidadadiario.com\/?p=28787"},"modified":"2018-11-06T19:43:39","modified_gmt":"2018-11-06T22:43:39","slug":"sica-e-iguacel-debutan-hoy-en-la-reunion-de-coordinacion-con-dujovne-a-la-cabeza","status":"publish","type":"post","link":"https:\/\/www.actualidadadiario.com\/index.php\/2018\/06\/19\/sica-e-iguacel-debutan-hoy-en-la-reunion-de-coordinacion-con-dujovne-a-la-cabeza\/","title":{"rendered":"Sica e Iguacel debutan hoy en la reuni\u00f3n de coordinaci\u00f3n con Dujovne a la cabeza"},"content":{"rendered":"<p><em><strong>Los flamantes ministros de Producci\u00f3n y de Energ\u00eda, Dante \u00a0Sica y Javier Iguacel, respectivamente, no tendr\u00e1n tiempo para acomodarse. Hoy debutar\u00e1n en la gesti\u00f3n, cuando participen, esta tarde, de una reuni\u00f3n de coordinaci\u00f3n liderada por el ministro de Hacienda y Finanzas, Nicol\u00e1s Dujovne<\/strong><\/em><\/p>\n<p>&nbsp;<\/p>\n<p>&nbsp;<\/p>\n<p>&nbsp;<\/p>\n<p>&nbsp;<\/p>\n<p>Y aunque ya se crearon fuertes expectativas sobre sus objetivos de corto plazo -ya impactaron en el mundo burs\u00e1til-, tanto Sica como Iguacel estuvieron ayer trabajando informalmente en sus nuevas tareas. Sin embargo, en Hacienda ya marcan la cancha: la posibilidad de maniobrar para ambos tendr\u00e1 un margen estrictamente definido por Dujovne y para \u00e9l nada podr\u00e1 hacerse que obstaculice la meta de d\u00e9ficit fiscal de 2,7% con relaci\u00f3n al PBI para este a\u00f1o.<\/p>\n<p>&nbsp;<\/p>\n<p>Sus nombramientos formales y las renuncias de quienes antes ocupaban esos cargos (Francisco Cabrera, en Producci\u00f3n, y Juan Jos\u00e9 Aranguren, en Energ\u00eda) se cristalizar\u00e1n entre jueves y viernes en el Bolet\u00edn Oficial, teniendo en cuenta que ma\u00f1ana es feriado. La jura ser\u00e1 el jueves en el Sal\u00f3n Blanco. Hasta el momento, Sica mantendr\u00e1 el equipo de Cabrera. El secretario de Industria, Fernando Grasso, est\u00e1 confirmado, lo mismo que el de Comercio, Miguel Braun. Este \u00faltimo, dicen en los pasillos, por pedido expreso del presidente Mauricio Macri. El \u00fanico que se ir\u00e1 con Cabrera es Mat\u00edas Fern\u00e1ndez, hoy sin cargo formal en Producci\u00f3n, su asesor m\u00e1s cercano.<\/p>\n<p>&nbsp;<\/p>\n<p>Ayer Sica estuvo en la Casa Rosada y luego mantuvo una reuni\u00f3n con Cabrera para ordenar la transici\u00f3n de los equipos. Cerca del exministro contaron que ya hab\u00eda anticipado hace unos 20 d\u00edas a su equipo que podr\u00eda salir del Gobierno. &#8220;Cuestiones pol\u00edticas, fuego interno de los aliados&#8221;, cont\u00f3 un hombre de su equipo en referencia a algunos radicales descontentos.<\/p>\n<p>&nbsp;<\/p>\n<p>&#8220;Dante \u00a0Sica es una continuidad. Lo que puede sumar es una mayor explicaci\u00f3n p\u00fablica de las decisiones t\u00e9cnicas y m\u00e1s relacionamiento con los intendentes, algo que Cabrera no hac\u00eda&#8221;, agregaron.<\/p>\n<p>&nbsp;<\/p>\n<p>Iguacel se reuni\u00f3 ayer con Aranguren. &#8220;La transici\u00f3n fue buena. Se junt\u00f3 con Juanjo, le present\u00f3 a su equipo, nos hablaron de lo que hace cada uno de los planes y proyectos a futuro. Tambi\u00e9n tuvimos reuniones en la Casa Rosada&#8221;, contaron cerca del flamante ministro. Adem\u00e1s, Iguacel se preocup\u00f3 por dejar &#8220;todo ordenado&#8221; en Vialidad, secretar\u00eda que ocup\u00f3 hasta la semana pasada. &#8220;Aranguren nos dese\u00f3 suerte&#8221;, dijeron cerca del ingeniero, que ahora tendr\u00e1 a cargo la pol\u00e9mica definici\u00f3n de las tarifas.<\/p>\n<p>&nbsp;<\/p>\n<p>A la reuni\u00f3n de hoy no ir\u00e1n, contaron cerca de Dujovne, ni Gustavo Lopetegui ni Mario Quintana, hombres de la Jefatura de Gabinete.<\/p>\n<p>&nbsp;<\/p>\n<p>En Finanzas, lugar que abandon\u00f3 Luis Caputo cuando se sum\u00f3 al Banco Central (BCRA), quedar\u00e1 Santiago Bausili en la transici\u00f3n por un mes. Luego se ir\u00e1 al BCRA. En Hacienda barajan en secreto dos o tres nombres para reemplazarlo con un hombre del ri\u00f1\u00f3n de Dujovne.<\/p>\n","protected":false},"excerpt":{"rendered":"<p>Los flamantes ministros de Producci\u00f3n y de Energ\u00eda, Dante \u00a0Sica y Javier Iguacel, respectivamente, no tendr\u00e1n tiempo para acomodarse. Hoy debutar\u00e1n en la gesti\u00f3n, cuando participen, esta tarde, de una reuni\u00f3n de coordinaci\u00f3n liderada por el ministro de Hacienda y Finanzas, Nicol\u00e1s Dujovne &nbsp; &nbsp; &nbsp; &nbsp; Y aunque ya se crearon fuertes expectativas sobre sus objetivos de corto plazo -ya impactaron en el mundo burs\u00e1til-, tanto Sica como Iguacel estuvieron ayer trabajando informalmente en sus nuevas tareas. Sin embargo, en Hacienda ya marcan la cancha: la posibilidad de maniobrar&#8230;<\/p>\n","protected":false},"author":3,"featured_media":28788,"comment_status":"closed","ping_status":"closed","sticky":false,"template":"","format":"standard","meta":[],"categories":[18],"tags":[],"_links":{"self":[{"href":"https:\/\/www.actualidadadiario.com\/index.php\/wp-json\/wp\/v2\/posts\/28787"}],"collection":[{"href":"https:\/\/www.actualidadadiario.com\/index.php\/wp-json\/wp\/v2\/posts"}],"about":[{"href":"https:\/\/www.actualidadadiario.com\/index.php\/wp-json\/wp\/v2\/types\/post"}],"author":[{"embeddable":true,"href":"https:\/\/www.actualidadadiario.com\/index.php\/wp-json\/wp\/v2\/users\/3"}],"replies":[{"embeddable":true,"href":"https:\/\/www.actualidadadiario.com\/index.php\/wp-json\/wp\/v2\/comments?post=28787"}],"version-history":[{"count":1,"href":"https:\/\/www.actualidadadiario.com\/index.php\/wp-json\/wp\/v2\/posts\/28787\/revisions"}],"predecessor-version":[{"id":28789,"href":"https:\/\/www.actualidadadiario.com\/index.php\/wp-json\/wp\/v2\/posts\/28787\/revisions\/28789"}],"wp:featuredmedia":[{"embeddable":true,"href":"https:\/\/www.actualidadadiario.com\/index.php\/wp-json\/wp\/v2\/media\/28788"}],"wp:attachment":[{"href":"https:\/\/www.actualidadadiario.com\/index.php\/wp-json\/wp\/v2\/media?parent=28787"}],"wp:term":[{"taxonomy":"category","embeddable":true,"href":"https:\/\/www.actualidadadiario.com\/index.php\/wp-json\/wp\/v2\/categories?post=28787"},{"taxonomy":"post_tag","embeddable":true,"href":"https:\/\/www.actualidadadiario.com\/index.php\/wp-json\/wp\/v2\/tags?post=28787"}],"curies":[{"name":"wp","href":"https:\/\/api.w.org\/{rel}","templated":true}]}}