{"id":28785,"date":"2018-06-19T10:34:39","date_gmt":"2018-06-19T13:34:39","guid":{"rendered":"https:\/\/www.actualidadadiario.com\/?p=28785"},"modified":"2018-11-06T19:43:39","modified_gmt":"2018-11-06T22:43:39","slug":"por-la-tragedia-de-naidenoff-no-habra-tratamiento-expres-del-proyecto-de-aborto-legal-en-el-senado","status":"publish","type":"post","link":"https:\/\/www.actualidadadiario.com\/index.php\/2018\/06\/19\/por-la-tragedia-de-naidenoff-no-habra-tratamiento-expres-del-proyecto-de-aborto-legal-en-el-senado\/","title":{"rendered":"Por la tragedia de Naidenoff, no habr\u00e1 tratamiento expr\u00e9s del proyecto de aborto legal en el Senado"},"content":{"rendered":"<p><em><strong>Estaba previsto que este martes se desarrollara una reuni\u00f3n con los jefes de los bloques mayoritarios, a fin de avanzar con los acuerdos relativos a los giros de comisi\u00f3n y los plazos estimativos del debate. El debate podr\u00eda estirarse varias semanas m\u00e1s<\/strong><\/em><\/p>\n<p>&nbsp;<\/p>\n<p>&nbsp;<\/p>\n<p>&nbsp;<\/p>\n<p>&nbsp;<\/p>\n<p>Pese a la pretensi\u00f3n de las organizaciones a favor del aborto legal de no dejar que el tema se enfr\u00ede y tenga un tr\u00e1mite veloz en el Senado, no habr\u00e1 all\u00ed un tratamiento expr\u00e9s, aunque tampoco supondr\u00e1 plazos tan largos como lo tuvo en la C\u00e1mara de Diputados.<\/p>\n<p>&nbsp;<\/p>\n<p>Estaba previsto que este martes se desarrollara una reuni\u00f3n con los jefes de los bloques mayoritarios para avanzar con los acuerdos relativos a los giros de comisi\u00f3n y los plazos estimativos del debate, pero la tragedia familiar del jefe del interbloque Cambiemos, Luis Naidenoff (UCR), puso un freno y en ese contexto es posible que no se desprenda un cronograma tentativo hasta la semana que viene.<\/p>\n<p>&nbsp;<\/p>\n<p>Este lunes se iba a desarrollar adem\u00e1s una conferencia de prensa en el sal\u00f3n Illia del Senado encabezada por el jefe del bloque PJ, Miguel Pichetto, junto al colectivo de mujeres y diputados que impulsan la ley de despenalizaci\u00f3n del aborto, pero la actividad fue levantada debido a los acontecimientos luctuosos.<\/p>\n<p>&nbsp;<\/p>\n<p>En cambio, se realiz\u00f3 una reuni\u00f3n a puertas cerradas en el despacho del rionegrino, que recibi\u00f3, entre otras personalidades, a la escritora Claudia Pi\u00f1eiro, las actrices Ver\u00f3nica Llin\u00e1s y Dalma Maradona, la dirigente pol\u00edtica Malena Galmarini y representantes de la Fundaci\u00f3n Hu\u00e9sped.<\/p>\n<p>&nbsp;<\/p>\n<p>Tambi\u00e9n formaron parte del encuentro los diputados Daniel Lipovetzky, Victoria Donda y Silvia Lospennato, tres de los protagonistas parlamentarios de la media sanci\u00f3n en Diputados.<\/p>\n<p>&nbsp;<\/p>\n<p>Declarado defensor del aborto legal, Pichetto ven\u00eda bregando por un tr\u00e1mite veloz, aprovechando el envi\u00f3n an\u00edmico que signific\u00f3 la media sanci\u00f3n, a fin de que la votaci\u00f3n del proyecto no se realice m\u00e1s all\u00e1 de comienzos de julio.<\/p>\n<p>&nbsp;<\/p>\n<p>&#8220;No habr\u00e1 un debate muy largo, creo que con dos o tres semanas de tratamiento ya se podr\u00eda votar&#8221;, dijo la semana pasada.<\/p>\n<p>&nbsp;<\/p>\n<p>Sin embargo, la tragedia de Naidenoff sumado a la resistencia del sector antiabortista puso pa\u00f1os fr\u00edos a estas expectativas, por lo que el debate podr\u00eda estirarse varias semanas m\u00e1s.<\/p>\n<p>&nbsp;<\/p>\n<p>Los que vienen trabando un tratamiento expeditivo son, no casualmente, los detractores del proyecto, que saben que estirar los plazos podr\u00eda hacer mermar el impulso de la &#8220;ola verde&#8221;.<\/p>\n<p>&nbsp;<\/p>\n<p>Uno de los que sali\u00f3 al cruce de Pichetto fue el senador formose\u00f1o de su propia bancada Jos\u00e9 Mayans, en contra de la iniciativa, que consider\u00f3 que se trata de &#8220;un tema muy profundo y hay que dar una discusi\u00f3n profunda&#8221;.<\/p>\n<p>&nbsp;<\/p>\n<p>En la misma l\u00ednea, la radical juje\u00f1a Silvia Giacoppo sostuvo que el proyecto &#8220;tiene que pasar por las comisiones que tenga que pasar&#8221; y pidi\u00f3 no &#8220;tratarlo a las apuradas&#8221;.<\/p>\n<p>&nbsp;<\/p>\n<p>Su correligionaria Silvia El\u00edas de P\u00e9rez tambi\u00e9n pidi\u00f3 no apurar los tiempos y reclam\u00f3 que se escuche &#8220;la opini\u00f3n de todas las provincias&#8221;.<\/p>\n<p>&nbsp;<\/p>\n<p>La tucumana reforzar\u00e1 estos planteos en una reuni\u00f3n que tiene programada para esta semana con la vicepresidenta y titular del Senado, Gabriela Michetti, y con el presidente provisional, Federico Pinedo.<\/p>\n<p>&nbsp;<\/p>\n<p>De acuerdo a los primeros sondeos, el proyecto de aborto legal, que el jueves pasado logr\u00f3 media sanci\u00f3n en la C\u00e1mara de Diputados por una ajustada diferencia, tambi\u00e9n tendr\u00eda en el Senado un escenario dividido en porciones pr\u00e1cticamente iguales, por lo que la definici\u00f3n de los votos de los indecisos ser\u00e1 fundamental para dilucidar hacia d\u00f3nde se inclina la balanza.<\/p>\n<p>&nbsp;<\/p>\n<p>Algunos senadores, que se mantienen en el lote de indecisos, como el misionero Maurice Closs, plantean que la legalizaci\u00f3n del aborto tendr\u00eda afectaci\u00f3n presupuestaria, con un fuerte costo fiscal para las provincias por lo que propone revisar el dictamen proveniente de Diputados y devolverlo con cambios.<\/p>\n","protected":false},"excerpt":{"rendered":"<p>Estaba previsto que este martes se desarrollara una reuni\u00f3n con los jefes de los bloques mayoritarios, a fin de avanzar con los acuerdos relativos a los giros de comisi\u00f3n y los plazos estimativos del debate. El debate podr\u00eda estirarse varias semanas m\u00e1s &nbsp; &nbsp; &nbsp; &nbsp; Pese a la pretensi\u00f3n de las organizaciones a favor del aborto legal de no dejar que el tema se enfr\u00ede y tenga un tr\u00e1mite veloz en el Senado, no habr\u00e1 all\u00ed un tratamiento expr\u00e9s, aunque tampoco supondr\u00e1 plazos tan largos como lo tuvo en&#8230;<\/p>\n","protected":false},"author":3,"featured_media":28530,"comment_status":"closed","ping_status":"closed","sticky":false,"template":"","format":"standard","meta":[],"categories":[18],"tags":[],"_links":{"self":[{"href":"https:\/\/www.actualidadadiario.com\/index.php\/wp-json\/wp\/v2\/posts\/28785"}],"collection":[{"href":"https:\/\/www.actualidadadiario.com\/index.php\/wp-json\/wp\/v2\/posts"}],"about":[{"href":"https:\/\/www.actualidadadiario.com\/index.php\/wp-json\/wp\/v2\/types\/post"}],"author":[{"embeddable":true,"href":"https:\/\/www.actualidadadiario.com\/index.php\/wp-json\/wp\/v2\/users\/3"}],"replies":[{"embeddable":true,"href":"https:\/\/www.actualidadadiario.com\/index.php\/wp-json\/wp\/v2\/comments?post=28785"}],"version-history":[{"count":1,"href":"https:\/\/www.actualidadadiario.com\/index.php\/wp-json\/wp\/v2\/posts\/28785\/revisions"}],"predecessor-version":[{"id":28786,"href":"https:\/\/www.actualidadadiario.com\/index.php\/wp-json\/wp\/v2\/posts\/28785\/revisions\/28786"}],"wp:featuredmedia":[{"embeddable":true,"href":"https:\/\/www.actualidadadiario.com\/index.php\/wp-json\/wp\/v2\/media\/28530"}],"wp:attachment":[{"href":"https:\/\/www.actualidadadiario.com\/index.php\/wp-json\/wp\/v2\/media?parent=28785"}],"wp:term":[{"taxonomy":"category","embeddable":true,"href":"https:\/\/www.actualidadadiario.com\/index.php\/wp-json\/wp\/v2\/categories?post=28785"},{"taxonomy":"post_tag","embeddable":true,"href":"https:\/\/www.actualidadadiario.com\/index.php\/wp-json\/wp\/v2\/tags?post=28785"}],"curies":[{"name":"wp","href":"https:\/\/api.w.org\/{rel}","templated":true}]}}