{"id":28782,"date":"2018-06-19T10:33:25","date_gmt":"2018-06-19T13:33:25","guid":{"rendered":"https:\/\/www.actualidadadiario.com\/?p=28782"},"modified":"2018-11-06T19:43:39","modified_gmt":"2018-11-06T22:43:39","slug":"bancarios-adhieren-al-paro-del-25-por-lo-que-no-habra-actividad-financiera-el-lunes","status":"publish","type":"post","link":"https:\/\/www.actualidadadiario.com\/index.php\/2018\/06\/19\/bancarios-adhieren-al-paro-del-25-por-lo-que-no-habra-actividad-financiera-el-lunes\/","title":{"rendered":"Bancarios adhieren al paro del 25, por lo que no habr\u00e1 actividad financiera el lunes"},"content":{"rendered":"<p><em><strong>El pr\u00f3ximo lunes la CGT realizar\u00e1 un paro general por 24 horas. A la medida de fuerza se suman las dos CTA. Tampoco habr\u00e1 transporte p\u00fablico<\/strong><\/em><\/p>\n<p>&nbsp;<\/p>\n<p>&nbsp;<\/p>\n<p>&nbsp;<\/p>\n<p>&nbsp;<\/p>\n<p>La conducci\u00f3n nacional de la Asociaci\u00f3n Bancaria adhiri\u00f3 y convoc\u00f3 este lunes al paro general de 24 horas dispuesto por el consejo directivo de la CGT para el 25 de este mes, sin concurrencia a los lugares de trabajo, y ratific\u00f3 su &#8220;compromiso&#8221; para acordar &#8220;un plan de acci\u00f3n y un programa de medidas que permitan superar la emergencia&#8221; del pa\u00eds.<\/p>\n<p>&nbsp;<\/p>\n<p>Un comunicado del Secretariado General Nacional firmado por los secretarios generales y de Prensa, Sergio Palazzo y Eduardo Berrozpe, respectivamente, ratific\u00f3 que el lunes pr\u00f3ximo no habr\u00e1 bancos y exigi\u00f3 &#8220;un urgente cambio de la pol\u00edtica econ\u00f3mica&#8221;.<\/p>\n<p>&nbsp;<\/p>\n<p>Los bancarios rechazaron el acuerdo con el Fondo Monetario Internacional (FMI) y el veto a &#8220;la ley del tarifazo&#8221; y exigieron la derogaci\u00f3n de la reforma previsional y paritarias libres.<\/p>\n<p>&nbsp;<\/p>\n<p>Los dirigentes gremiales convocaron a las comisiones gremiales, seccionales, consejo directivo nacional y a los trabajadores de la actividad al &#8220;estado de movilizaci\u00f3n&#8221; para promover y garantizar &#8220;el ejercicio del derecho constitucional de huelga&#8221; y avalaron &#8220;las medidas que, en ese sentido, adopten las 53 filiales&#8221; de la organizaci\u00f3n sindical.<\/p>\n<p>&nbsp;<\/p>\n<p>&#8220;El esquema econ\u00f3mico del gobierno es devastador y, sin sustento en la econom\u00eda real, destruye el trabajo, pulveriza el salario, perjudica y empobrece a la sociedad&#8221;, dijeron.<\/p>\n<p>&nbsp;<\/p>\n<p>El documento asever\u00f3 que el resultado de ese esquema econ\u00f3mico &#8220;destruye fuentes y puestos laborales y provoca que haya menos y peores empleos; un creciente d\u00e9ficit comercial y fiscal; m\u00e1s deuda p\u00fablica y privada; menos capacidad para afrontar los compromisos externos y progresiva liquidaci\u00f3n de los fondos del sistema previsional&#8221;.<\/p>\n<p>&nbsp;<\/p>\n<p>&#8220;Tambi\u00e9n provoca especulaci\u00f3n financiera y fuga de capitales; disparada del d\u00f3lar y devaluaci\u00f3n del peso; recesi\u00f3n e imparable inflaci\u00f3n interna; ca\u00edda del poder adquisitivo del salario de activos y jubilados; alimentos, gas y otros combustibles m\u00e1s caros; tarifazos en servicios p\u00fablicos imprescindibles; costo usurario de los servicios financieros; alquileres y cr\u00e9ditos hipotecarios m\u00e1s onerosos; deterioro del patrimonio de la banca y empresas p\u00fablicas y alteraciones en la cadena de pagos y cheques rechazados&#8221;, afirm\u00f3.<\/p>\n<p>&nbsp;<\/p>\n<p>Palazzo y Berrozpe puntualizaron que &#8220;la posibilidad de continuar tomando deuda en el mercado internacional para sostener ese modelo inviable fue limitada hacia principios de este a\u00f1o y, luego, sobrevinieron la disparada del d\u00f3lar en mayo y junio, la dilapidaci\u00f3n de reservas y el desvar\u00edo de alt\u00edsimas tasas de inter\u00e9s para la renovaci\u00f3n de letras de corto plazo del Banco Central (BCRA) para contenerla, adem\u00e1s de la asistencia al FMI&#8221;.<\/p>\n<p>&nbsp;<\/p>\n<p>&#8220;Ello profundizar\u00e1 el ajuste sobre los trabajadores y la econom\u00eda real&#8221;, concluyeron.<\/p>\n","protected":false},"excerpt":{"rendered":"<p>El pr\u00f3ximo lunes la CGT realizar\u00e1 un paro general por 24 horas. A la medida de fuerza se suman las dos CTA. Tampoco habr\u00e1 transporte p\u00fablico &nbsp; &nbsp; &nbsp; &nbsp; La conducci\u00f3n nacional de la Asociaci\u00f3n Bancaria adhiri\u00f3 y convoc\u00f3 este lunes al paro general de 24 horas dispuesto por el consejo directivo de la CGT para el 25 de este mes, sin concurrencia a los lugares de trabajo, y ratific\u00f3 su &#8220;compromiso&#8221; para acordar &#8220;un plan de acci\u00f3n y un programa de medidas que permitan superar la emergencia&#8221; del&#8230;<\/p>\n","protected":false},"author":3,"featured_media":28783,"comment_status":"closed","ping_status":"closed","sticky":false,"template":"","format":"standard","meta":[],"categories":[9,18],"tags":[],"_links":{"self":[{"href":"https:\/\/www.actualidadadiario.com\/index.php\/wp-json\/wp\/v2\/posts\/28782"}],"collection":[{"href":"https:\/\/www.actualidadadiario.com\/index.php\/wp-json\/wp\/v2\/posts"}],"about":[{"href":"https:\/\/www.actualidadadiario.com\/index.php\/wp-json\/wp\/v2\/types\/post"}],"author":[{"embeddable":true,"href":"https:\/\/www.actualidadadiario.com\/index.php\/wp-json\/wp\/v2\/users\/3"}],"replies":[{"embeddable":true,"href":"https:\/\/www.actualidadadiario.com\/index.php\/wp-json\/wp\/v2\/comments?post=28782"}],"version-history":[{"count":1,"href":"https:\/\/www.actualidadadiario.com\/index.php\/wp-json\/wp\/v2\/posts\/28782\/revisions"}],"predecessor-version":[{"id":28784,"href":"https:\/\/www.actualidadadiario.com\/index.php\/wp-json\/wp\/v2\/posts\/28782\/revisions\/28784"}],"wp:featuredmedia":[{"embeddable":true,"href":"https:\/\/www.actualidadadiario.com\/index.php\/wp-json\/wp\/v2\/media\/28783"}],"wp:attachment":[{"href":"https:\/\/www.actualidadadiario.com\/index.php\/wp-json\/wp\/v2\/media?parent=28782"}],"wp:term":[{"taxonomy":"category","embeddable":true,"href":"https:\/\/www.actualidadadiario.com\/index.php\/wp-json\/wp\/v2\/categories?post=28782"},{"taxonomy":"post_tag","embeddable":true,"href":"https:\/\/www.actualidadadiario.com\/index.php\/wp-json\/wp\/v2\/tags?post=28782"}],"curies":[{"name":"wp","href":"https:\/\/api.w.org\/{rel}","templated":true}]}}