{"id":28779,"date":"2018-06-19T10:32:45","date_gmt":"2018-06-19T13:32:45","guid":{"rendered":"https:\/\/www.actualidadadiario.com\/?p=28779"},"modified":"2018-11-06T19:43:39","modified_gmt":"2018-11-06T22:43:39","slug":"macri-le-mete-presion-a-etchevehere-para-que-el-campo-acepte-frenar-las-retenciones","status":"publish","type":"post","link":"https:\/\/www.actualidadadiario.com\/index.php\/2018\/06\/19\/macri-le-mete-presion-a-etchevehere-para-que-el-campo-acepte-frenar-las-retenciones\/","title":{"rendered":"Macri le mete presi\u00f3n a Etchevehere para que el campo acepte frenar las retenciones"},"content":{"rendered":"<p><em><strong>La Mesa de Enlace lo sabe y por eso el Gobierno se juega la \u00faltima carta en manos del ministro de Agroindustria, Luis Miguel Etchevehere quien tiene la misi\u00f3n de pedirle a sus pares &#8220;un gesto patri\u00f3tico&#8221; para que acepten no s\u00f3lo postergar la baja de las retenciones a la soja sino que avalen la vuelta del impuesto para los cereales. Puede ser que sea esta la \u00faltima jugada que le encomienden al ex presidente de la Sociedad Rural Argentina (SRA) antes de buscar la gobernaci\u00f3n de Entre R\u00edos y que su \u00e1rea pase a secretaria<\/strong><\/em><\/p>\n<p>&nbsp;<\/p>\n<p>&nbsp;<\/p>\n<p>&nbsp;<\/p>\n<p>&nbsp;<\/p>\n<p>Por lo pronto y a partir de varias fuentes consultadas de la Jefatura de gabinete y de las entidades rurales, Etchevehere por ahora seguir\u00e1 en su cargo lo que indica que estar\u00e1 en la apertura de la 132 edici\u00f3n de la Exposici\u00f3n Rural de Palermo en julio pr\u00f3ximo algo que no se ve\u00eda desde 1940 cuando Cosme Massini Ezcurra ocup\u00f3 el mismo cargo.<\/p>\n<p>&nbsp;<\/p>\n<p>Se entiende que el presidente Mauricio Macri busca darle un &#8220;reconocimiento&#8221; a su apoyo en los comienzos de la gesti\u00f3n de Cambiemos. Etchevehere defendi\u00f3 cada una de las medidas del Gobierno y fue el que le acerc\u00f3 soluciones como el armado de la mesa de semillas, un tema que le vali\u00f3 una pelea con la multinacional Monsanto, ahora de Bayer, con el cobro de la patente en los puertos a trav\u00e9s de una cl\u00e1usula la cual hasta la fecha sigue existiendo.<\/p>\n<p>&nbsp;<\/p>\n<p>Respecto de pasar el Ministerio a secretaria, algo que tambi\u00e9n se afirmaba suceder\u00eda, hoy genera dudas en el entorno presidencial. Y es que Macri sostiene que no necesariamente el ahorro puede significar una baja en los costos y m\u00e1s cuando fue el campo quien le dio su apoyo para llegar al sill\u00f3n de Rivadavia.<\/p>\n<p>&nbsp;<\/p>\n<p>Sin embargo los m\u00e1s allegados al Presidente insisten en que hay que &#8220;recortar&#8221; y en esa misma l\u00ednea hablan de un &#8220;gesto patri\u00f3tico&#8221; para que se frene la baja gradual de las retenciones a la soja al menos hasta enero de 2019.<\/p>\n<p>&nbsp;<\/p>\n<p>El Gobierno entiende que el golpe al productor ser\u00eda muy bajo dado que no hay mucha soja para liquidar a partir de las p\u00e9rdidas por la sequ\u00eda y luego por las lluvias. Hoy la cosecha es de 36 millones de toneladas versus los 55 millones de hace un a\u00f1o. La quita gradual es de medio punto por mes. Actualmente el derecho de exportaci\u00f3n es del 27% y si todo sigue igual deber\u00eda ser del 24% a fin de a\u00f1o.<\/p>\n<p>&nbsp;<\/p>\n<p>Para la Mesa de Enlace, &#8220;los cambios recientes en el Gabinete se orientan a encuadrar un equipo fiscalista algo que no se logr\u00f3 en dos a\u00f1os y medio de gesti\u00f3n, y que son las metas del FMI&#8221;, en ese contexto se\u00f1alaron que &#8220;no ser\u00eda sorpresivo que frente al gran desfasaje vuelvan a echar mano al campo con el retorno de las retenciones&#8221;.<\/p>\n<p>&nbsp;<\/p>\n<p>No por algo a\u00fan no fueron recibidos por Macri. &#8220;Queremos que \u00e9l nos diga personalmente si es verdad o mentira la vuelta de las retenciones&#8221;, afirmaron.<\/p>\n<p>&nbsp;<\/p>\n<p>Por lo pronto, el Gobierno espera que los productores finalicen la siembra del trigo para volver a la carga con el tema. El responsable de la mala noticia, si se quiere, ser\u00e1 el mismo Etchevehere quien buscar\u00e1 &#8220;negociar&#8221; con el campo y lograr as\u00ed algo de ox\u00edgeno para seguir en el cargo y conseguir una &#8220;caja&#8221; para cubrir el agujero fiscal. Desde las entidades critican su gesti\u00f3n por no haber conseguido aun &#8220;soluciones&#8221; para el sector y consideran que el Ministerio &#8220;est\u00e1 de m\u00e1s&#8221;.<\/p>\n","protected":false},"excerpt":{"rendered":"<p>La Mesa de Enlace lo sabe y por eso el Gobierno se juega la \u00faltima carta en manos del ministro de Agroindustria, Luis Miguel Etchevehere quien tiene la misi\u00f3n de pedirle a sus pares &#8220;un gesto patri\u00f3tico&#8221; para que acepten no s\u00f3lo postergar la baja de las retenciones a la soja sino que avalen la vuelta del impuesto para los cereales. Puede ser que sea esta la \u00faltima jugada que le encomienden al ex presidente de la Sociedad Rural Argentina (SRA) antes de buscar la gobernaci\u00f3n de Entre R\u00edos y&#8230;<\/p>\n","protected":false},"author":3,"featured_media":28780,"comment_status":"closed","ping_status":"closed","sticky":false,"template":"","format":"standard","meta":[],"categories":[18],"tags":[],"_links":{"self":[{"href":"https:\/\/www.actualidadadiario.com\/index.php\/wp-json\/wp\/v2\/posts\/28779"}],"collection":[{"href":"https:\/\/www.actualidadadiario.com\/index.php\/wp-json\/wp\/v2\/posts"}],"about":[{"href":"https:\/\/www.actualidadadiario.com\/index.php\/wp-json\/wp\/v2\/types\/post"}],"author":[{"embeddable":true,"href":"https:\/\/www.actualidadadiario.com\/index.php\/wp-json\/wp\/v2\/users\/3"}],"replies":[{"embeddable":true,"href":"https:\/\/www.actualidadadiario.com\/index.php\/wp-json\/wp\/v2\/comments?post=28779"}],"version-history":[{"count":1,"href":"https:\/\/www.actualidadadiario.com\/index.php\/wp-json\/wp\/v2\/posts\/28779\/revisions"}],"predecessor-version":[{"id":28781,"href":"https:\/\/www.actualidadadiario.com\/index.php\/wp-json\/wp\/v2\/posts\/28779\/revisions\/28781"}],"wp:featuredmedia":[{"embeddable":true,"href":"https:\/\/www.actualidadadiario.com\/index.php\/wp-json\/wp\/v2\/media\/28780"}],"wp:attachment":[{"href":"https:\/\/www.actualidadadiario.com\/index.php\/wp-json\/wp\/v2\/media?parent=28779"}],"wp:term":[{"taxonomy":"category","embeddable":true,"href":"https:\/\/www.actualidadadiario.com\/index.php\/wp-json\/wp\/v2\/categories?post=28779"},{"taxonomy":"post_tag","embeddable":true,"href":"https:\/\/www.actualidadadiario.com\/index.php\/wp-json\/wp\/v2\/tags?post=28779"}],"curies":[{"name":"wp","href":"https:\/\/api.w.org\/{rel}","templated":true}]}}