{"id":28776,"date":"2018-06-19T10:31:55","date_gmt":"2018-06-19T13:31:55","guid":{"rendered":"https:\/\/www.actualidadadiario.com\/?p=28776"},"modified":"2018-11-06T19:43:40","modified_gmt":"2018-11-06T22:43:40","slug":"para-el-gobierno-la-corrida-cambiaria-esta-llegando-a-su-final","status":"publish","type":"post","link":"https:\/\/www.actualidadadiario.com\/index.php\/2018\/06\/19\/para-el-gobierno-la-corrida-cambiaria-esta-llegando-a-su-final\/","title":{"rendered":"Para el Gobierno, la corrida cambiaria &#8220;est\u00e1 llegando a su final&#8221;"},"content":{"rendered":"<p><em><strong>Lo afirm\u00f3 el ministro del Interior, Rogelio Frigerio, quien vaticin\u00f3 que &#8220;habr\u00e1 menos crecimiento&#8221;. &#8220;Sab\u00edamos que la Argentina es vulnerable a los shocks externos, porque gastamos m\u00e1s de lo que ingresa&#8221;, resalt\u00f3<\/strong><\/em><\/p>\n<p>&nbsp;<\/p>\n<p>&nbsp;<\/p>\n<p>&nbsp;<\/p>\n<p>&nbsp;<\/p>\n<p>Tras las salidas de Aranguren y Cabrera del gabinete nacional, y el desembarco de Caputo en el BCRA, el ministro del Interior, Rogelio Frigerio, se mostr\u00f3 optimista por la baja del d\u00f3lar registrada ayer y asegur\u00f3 que la Argentina est\u00e1 &#8220;en el final&#8221; de la corrida cambiaria.<\/p>\n<p>&nbsp;<\/p>\n<p>&#8220;Pusimos lo que hab\u00eda que poner para terminar con la crisis cambiaria, que lleva varias semanas. Entendemos que estamos en el final de la turbulencia cambiaria&#8221;, se\u00f1al\u00f3 en di\u00e1logo con el canal TN. Y a\u00f1adi\u00f3: &#8220;Sab\u00edamos que la Argentina es vulnerable a los shocks externos, porque gastamos m\u00e1s de lo que ingresa&#8221;.<\/p>\n<p>&nbsp;<\/p>\n<p>El funcionario reconoci\u00f3 que la &#8220;situaci\u00f3n de incertidumbre complica llevar adelante ciertas pol\u00edticas&#8221; y vaticin\u00f3 &#8220;menos crecimiento&#8221; por los recortes presupuestarios que deben ejecutarse para reducir el d\u00e9ficit fiscal.<\/p>\n<p>&nbsp;<\/p>\n<p>&#8220;Tenemos que retomar el sendero que llevaba siete trimestres en suba. Sabemos que hay problemas y que no es un camino f\u00e1cil pero es el \u00fanico posible&#8221;, sentenci\u00f3.<\/p>\n<p>&nbsp;<\/p>\n<p>&nbsp;<\/p>\n<p><strong>Menos gradualismo <\/strong><\/p>\n<p>Frigerio anticip\u00f3 que el gradualismo que impuso el Ejecutivo desde que empez\u00f3 a gobernar en diciembre de 2015 &#8220;va a ser menos gradual&#8221; en estos meses, tras haber cerrado el pr\u00e9stamo con el FMI, ya que -continu\u00f3- &#8220;no podemos vivir de fiado eternamente&#8221;.<\/p>\n<p>&nbsp;<\/p>\n<p>En esa l\u00ednea, el ministro manifest\u00f3: &#8220;Hay poca conciencia de la importancia de que el Estado viva de lo que ingresa. No es solo de la pol\u00edtica, es un problema en general. Tenemos que terminar con el d\u00e9ficit fiscal. El financiamiento nos va a permitir no tener que acceder al mercado externo. Esto va a dar previsibilidad y certidumbre a todos. Necesitamos revertir la desconfianza&#8221;.<\/p>\n<p>&nbsp;<\/p>\n<p>Por \u00faltimo, se refiri\u00f3 a los cambios en el gabinete de la \u00faltima semana. &#8220;Macri hizo los cambios que ten\u00eda que hacer porque los ministros son fusibles del Presidente. Es entendible que haya cambios cuando hay problemas. Sobre todo en el \u00e1rea del ministerio de Energ\u00eda, era el m\u00e1s dif\u00edcil. Se hizo todo mal en el Gobierno anterior. El anterior ministro hizo mucho esfuerzo para corregir esos problemas&#8221;, cerr\u00f3.<\/p>\n","protected":false},"excerpt":{"rendered":"<p>Lo afirm\u00f3 el ministro del Interior, Rogelio Frigerio, quien vaticin\u00f3 que &#8220;habr\u00e1 menos crecimiento&#8221;. &#8220;Sab\u00edamos que la Argentina es vulnerable a los shocks externos, porque gastamos m\u00e1s de lo que ingresa&#8221;, resalt\u00f3 &nbsp; &nbsp; &nbsp; &nbsp; Tras las salidas de Aranguren y Cabrera del gabinete nacional, y el desembarco de Caputo en el BCRA, el ministro del Interior, Rogelio Frigerio, se mostr\u00f3 optimista por la baja del d\u00f3lar registrada ayer y asegur\u00f3 que la Argentina est\u00e1 &#8220;en el final&#8221; de la corrida cambiaria. &nbsp; &#8220;Pusimos lo que hab\u00eda que poner&#8230;<\/p>\n","protected":false},"author":3,"featured_media":28777,"comment_status":"closed","ping_status":"closed","sticky":false,"template":"","format":"standard","meta":[],"categories":[9,18],"tags":[],"_links":{"self":[{"href":"https:\/\/www.actualidadadiario.com\/index.php\/wp-json\/wp\/v2\/posts\/28776"}],"collection":[{"href":"https:\/\/www.actualidadadiario.com\/index.php\/wp-json\/wp\/v2\/posts"}],"about":[{"href":"https:\/\/www.actualidadadiario.com\/index.php\/wp-json\/wp\/v2\/types\/post"}],"author":[{"embeddable":true,"href":"https:\/\/www.actualidadadiario.com\/index.php\/wp-json\/wp\/v2\/users\/3"}],"replies":[{"embeddable":true,"href":"https:\/\/www.actualidadadiario.com\/index.php\/wp-json\/wp\/v2\/comments?post=28776"}],"version-history":[{"count":1,"href":"https:\/\/www.actualidadadiario.com\/index.php\/wp-json\/wp\/v2\/posts\/28776\/revisions"}],"predecessor-version":[{"id":28778,"href":"https:\/\/www.actualidadadiario.com\/index.php\/wp-json\/wp\/v2\/posts\/28776\/revisions\/28778"}],"wp:featuredmedia":[{"embeddable":true,"href":"https:\/\/www.actualidadadiario.com\/index.php\/wp-json\/wp\/v2\/media\/28777"}],"wp:attachment":[{"href":"https:\/\/www.actualidadadiario.com\/index.php\/wp-json\/wp\/v2\/media?parent=28776"}],"wp:term":[{"taxonomy":"category","embeddable":true,"href":"https:\/\/www.actualidadadiario.com\/index.php\/wp-json\/wp\/v2\/categories?post=28776"},{"taxonomy":"post_tag","embeddable":true,"href":"https:\/\/www.actualidadadiario.com\/index.php\/wp-json\/wp\/v2\/tags?post=28776"}],"curies":[{"name":"wp","href":"https:\/\/api.w.org\/{rel}","templated":true}]}}