{"id":2876,"date":"2016-10-19T09:20:07","date_gmt":"2016-10-19T12:20:07","guid":{"rendered":"http:\/\/actualidadadiario.com\/site\/?p=2876"},"modified":"2016-10-19T09:20:07","modified_gmt":"2016-10-19T12:20:07","slug":"la-industria-se-desplomo-66-en-agosto-de-acuerdo-a-la-uia","status":"publish","type":"post","link":"https:\/\/www.actualidadadiario.com\/index.php\/2016\/10\/19\/la-industria-se-desplomo-66-en-agosto-de-acuerdo-a-la-uia\/","title":{"rendered":"La industria se desplom\u00f3 6,6% en agosto, de acuerdo a la UIA"},"content":{"rendered":"<p><em><strong>La actividad fabril acumula un retroceso del 4,7% en los primeros ocho meses del a\u00f1o<\/strong><\/em><\/p>\n<p>&nbsp;<\/p>\n<p>&nbsp;<\/p>\n<p>&nbsp;<\/p>\n<p>La producci\u00f3n industrial cay\u00f3 6,6% en agosto en la medici\u00f3n interanual. De acuerdo a la Uni\u00f3n Industrial Argentina (UIA), en los primeros ocho meses del a\u00f1o la actividad retrocedi\u00f3 4,7%. La industria, sin embargo, registr\u00f3 un leve aumento del 0,4% de agosto frente a julio.<\/p>\n<p>&nbsp;<\/p>\n<p>&#8220;La contracci\u00f3n en el nivel de actividad se observ\u00f3 en la mayor\u00eda de los rubros del sector industrial, tanto en agosto como en el acumulado del a\u00f1o&#8221;, sostuvo la central fabril. El anterior estudio de la UIA hab\u00eda calculado que la actividad hab\u00eda profundizado su ca\u00edda en julio, al experimentar una baja interanual del 7%.<\/p>\n<p>&nbsp;<\/p>\n<p>Este martes, puntualiz\u00f3 que &#8220;particularmente en agosto todos los bloques sectoriales excepto uno (sustancias y productos qu\u00edmicos) presentaron bajas en su producci\u00f3n respecto de igual mes del a\u00f1o pasado&#8221;. La actividad en agosto, as\u00ed, baj\u00f3 6,6%, por lo cual acumul\u00f3 en los primeros ocho meses del a\u00f1o una ca\u00edda del 4,7% respecto de igual per\u00edodo del 2015.<\/p>\n<p>&nbsp;<\/p>\n<p>La ca\u00edda del nivel fue liderada por el sector de metales b\u00e1sicos, con 25,2% por la menor producci\u00f3n de acero. Otros sectores que presentaron ca\u00eddas significativas fueron papel y cart\u00f3n, 12,6%; automotriz, 8,5%; metalmec\u00e1nica, 6,4%; minerales no met\u00e1licos, 5,9%; y alimentos y bebidas, 4,6%. El \u00fanico bloque que present\u00f3 un aumento de su producci\u00f3n en agosto fue sustancias y productos qu\u00edmicos, 1,6%.<\/p>\n<p>&nbsp;<\/p>\n<p>&nbsp;<\/p>\n<p>En t\u00e9rminos acumulados, en el per\u00edodo enero-agosto tres sectores acumularon ca\u00eddas superiores al 10% respecto de igual per\u00edodo del a\u00f1o pasado. El segmento de metales b\u00e1sicos cay\u00f3 14,9%; el sector automotriz perdi\u00f3 13,1%, y el de minerales no met\u00e1licos, baj\u00f3 13%.<\/p>\n<p>&nbsp;<\/p>\n<p>Las exportaciones en agosto aumentaron 12% frente al mismo per\u00edodo del 2015, explicado principalmente por los mayores vol\u00famenes exportados de productos primarios, como cereales y semillas y frutos oleaginosos. Por otra parte, las exportaciones del sector industrial, sin tener en cuenta los rubros vinculados con el complejo de oleaginosas, cayeron en agosto 2,7%.<\/p>\n<p>&nbsp;<\/p>\n<p>&#8220;Contribuyeron a esa din\u00e1mica las menores ventas de productos l\u00e1cteos, de moliner\u00eda y sus preparaciones, de pieles y cueros, entre otros&#8221;, sostuvo el sondeo. As\u00ed, subray\u00f3: &#8220;Las ventas externas de manufacturas de origen industrial (MOI) aumentaron un 0,8% en valores tras un per\u00edodo de m\u00e1s de dos a\u00f1os de presentar bajas en las exportaciones, mientras en cantidades se observ\u00f3 una suba del 0,5%&#8221;.<\/p>\n<p>&nbsp;<\/p>\n<p>La UIA se\u00f1al\u00f3 que se destacaron las mayores exportaciones de productos qu\u00edmicos, pl\u00e1sticos, metales comunes, y caucho y sus manufacturas. Aclar\u00f3 que, sin embargo, en el acumulado del a\u00f1o las ventas industriales al resto del mundo bajaron 11,8%, al alcanzar los U$S 15.280 millones. &#8220;La recesi\u00f3n en Brasil es el principal motivo de la ca\u00edda de las exportaciones MOI, ya que es el principal destino para la inserci\u00f3n de estos bienes&#8221;, indic\u00f3.<\/p>\n","protected":false},"excerpt":{"rendered":"<p>La actividad fabril acumula un retroceso del 4,7% en los primeros ocho meses del a\u00f1o &nbsp; &nbsp; &nbsp; La producci\u00f3n industrial cay\u00f3 6,6% en agosto en la medici\u00f3n interanual. De acuerdo a la Uni\u00f3n Industrial Argentina (UIA), en los primeros ocho meses del a\u00f1o la actividad retrocedi\u00f3 4,7%. La industria, sin embargo, registr\u00f3 un leve aumento del 0,4% de agosto frente a julio. &nbsp; &#8220;La contracci\u00f3n en el nivel de actividad se observ\u00f3 en la mayor\u00eda de los rubros del sector industrial, tanto en agosto como en el acumulado del&#8230;<\/p>\n","protected":false},"author":3,"featured_media":2877,"comment_status":"closed","ping_status":"closed","sticky":false,"template":"","format":"standard","meta":[],"categories":[2],"tags":[],"_links":{"self":[{"href":"https:\/\/www.actualidadadiario.com\/index.php\/wp-json\/wp\/v2\/posts\/2876"}],"collection":[{"href":"https:\/\/www.actualidadadiario.com\/index.php\/wp-json\/wp\/v2\/posts"}],"about":[{"href":"https:\/\/www.actualidadadiario.com\/index.php\/wp-json\/wp\/v2\/types\/post"}],"author":[{"embeddable":true,"href":"https:\/\/www.actualidadadiario.com\/index.php\/wp-json\/wp\/v2\/users\/3"}],"replies":[{"embeddable":true,"href":"https:\/\/www.actualidadadiario.com\/index.php\/wp-json\/wp\/v2\/comments?post=2876"}],"version-history":[{"count":1,"href":"https:\/\/www.actualidadadiario.com\/index.php\/wp-json\/wp\/v2\/posts\/2876\/revisions"}],"predecessor-version":[{"id":2878,"href":"https:\/\/www.actualidadadiario.com\/index.php\/wp-json\/wp\/v2\/posts\/2876\/revisions\/2878"}],"wp:featuredmedia":[{"embeddable":true,"href":"https:\/\/www.actualidadadiario.com\/index.php\/wp-json\/wp\/v2\/media\/2877"}],"wp:attachment":[{"href":"https:\/\/www.actualidadadiario.com\/index.php\/wp-json\/wp\/v2\/media?parent=2876"}],"wp:term":[{"taxonomy":"category","embeddable":true,"href":"https:\/\/www.actualidadadiario.com\/index.php\/wp-json\/wp\/v2\/categories?post=2876"},{"taxonomy":"post_tag","embeddable":true,"href":"https:\/\/www.actualidadadiario.com\/index.php\/wp-json\/wp\/v2\/tags?post=2876"}],"curies":[{"name":"wp","href":"https:\/\/api.w.org\/{rel}","templated":true}]}}