{"id":28754,"date":"2018-06-19T10:22:37","date_gmt":"2018-06-19T13:22:37","guid":{"rendered":"https:\/\/www.actualidadadiario.com\/?p=28754"},"modified":"2018-11-06T19:43:40","modified_gmt":"2018-11-06T22:43:40","slug":"este-martes-sesiona-diputados-y-se-trata-en-comision-la-creacion-de-una-fabrica-estatal-de-medicamentos","status":"publish","type":"post","link":"https:\/\/www.actualidadadiario.com\/index.php\/2018\/06\/19\/este-martes-sesiona-diputados-y-se-trata-en-comision-la-creacion-de-una-fabrica-estatal-de-medicamentos\/","title":{"rendered":"Este martes sesiona Diputados y se trata en comisi\u00f3n la creaci\u00f3n de una f\u00e1brica estatal de medicamentos"},"content":{"rendered":"<p><em><strong>La C\u00e1mara de Diputados fue convocada a sesionar este martes a las 18. Por otra parte, en comisi\u00f3n se abordar\u00e1 el proyecto por el que se crea el Laboratorio de Industrias Farmac\u00e9uticas de Entre R\u00edos (Infader). Tambi\u00e9n se tratar\u00e1 una iniciativa que crea \u201cel registro \u00fanico de asistencias econ\u00f3micas otorgadas, que estar\u00e1 a cargo de la Secretaria de Hacienda\u201d<\/strong><\/em><\/p>\n<p>&nbsp;<\/p>\n<p>&nbsp;<\/p>\n<p>&nbsp;<\/p>\n<p>&nbsp;<\/p>\n<p>&nbsp;<\/p>\n<p>La C\u00e1mara de Diputados sesionar\u00e1 el martes a las 18 y a las 11 se reunir\u00e1 la Comisi\u00f3n de Presupuesto para tratar el proyecto por el que se crea el Laboratorio de Industrias Farmac\u00e9uticas de Entre R\u00edos (Infader).<\/p>\n<p>&nbsp;<\/p>\n<p>El proyecto es impulsado por el proyecto del diputado Alberto Rotman (Cambiemos) propone la creaci\u00f3n de un Laboratorio de medicamentos gen\u00e9ricos, sociedad del Estado, que, entre sus objetivos, tendr\u00e1 el de \u201cplanificar y ejecutar la producci\u00f3n provincial de medicamentos, propendiendo a satisfacer la demanda de los establecimientos y servicios de salud provinciales\u201d.<\/p>\n<p>&nbsp;<\/p>\n<p>El texto establece, adem\u00e1s, que \u201csiempre que la producci\u00f3n alcanzada satisfaga la necesidad cobertura hospitalaria, se podr\u00e1 firmar convenios para la provisi\u00f3n nacional y coordinada de los productos requeridos por los mismos\u201d.<\/p>\n<p>&nbsp;<\/p>\n<p>Asimismo prev\u00e9 la comercializaci\u00f3n de la producci\u00f3n con \u201cefectores p\u00fablicos municipales, provinciales, nacionales, no gubernamentales y privados nacionales o extranjeros, en este \u00faltimo caso con autorizaci\u00f3n de la bicameral de Salud a crearse\u201d.<\/p>\n<p>&nbsp;<\/p>\n<p>El Laboratorio funcionar\u00e1 en el \u00e1mbito de la Direcci\u00f3n Integral del Medicamento, que se crear\u00e1 dentro del Departamento Integral del Medicamento, que funciona como parte del organigrama del Ministerio de Salud.<\/p>\n<p>&nbsp;<\/p>\n<p>&nbsp;<\/p>\n<p><strong>Otros temas<\/strong><\/p>\n<p>La Comisi\u00f3n de Presupuesto tambi\u00e9n abordar\u00e1 un proyecto que crea \u201cel registro \u00fanico de asistencias econ\u00f3micas otorgadas, que estar\u00e1 a cargo de la Secretaria de Hacienda del Ministerio de Econom\u00eda, Hacienda y Finanzas de Entre R\u00edos\u201d.<\/p>\n<p>&nbsp;<\/p>\n<p>Otro de los proyectos que abordar\u00e1 tal comisi\u00f3n legislativa es el que establece que quienes instalen colectores solares de baja temperatura para el calentamiento de agua y que se encuentren alcanzados por el Impuesto a los Ingresos Brutos o el Impuesto a la Profesiones Liberales, podr\u00e1n descontar de dichos impuestos hasta el 50 por ciento del valor del artefacto instalado, de acuerdo al mecanismo que establezca la Autoridad de Aplicaci\u00f3n.<\/p>\n<p>&nbsp;<\/p>\n<p>Por otra parte tratar\u00e1 un proyecto por el que se crea el Fondo de Garant\u00eda Citr\u00edcola (Fogaci) y otro a trav\u00e9s del cual la Provincia adhiere a las exenciones impositivas previstas en el art\u00edculo 21 de la Ley Nacional N\u00b0 27.349, que establece el apoyo al capital emprendedor.<\/p>\n<p>&nbsp;<\/p>\n<p>Tambi\u00e9n se abordar\u00e1 un proyecto que tiene por objeto \u201cestablecer con claridad la jurisdicci\u00f3n de la Provincia de Entre R\u00edos de acuerdo con la Ley Nacional N\u00b0 26.052, modificatoria de la Ley Nacional N\u00b0 23.737\u201d y propone la \u201ccreaci\u00f3n de la Subsecretar\u00eda de Lucha Contra el Narcotr\u00e1fico dentro de la \u00f3rbita de la Secretar\u00eda de Seguridad dependiente del Ministerio de Gobierno y Justicia\u201d.<\/p>\n<p>&nbsp;<\/p>\n<p>Adem\u00e1s, los legisladores que integran la comisi\u00f3n analizar\u00e1n una iniciativa vinculada al Agente Financiero. Dice que \u201ctoda retribuci\u00f3n que reciba el Nuevo Banco de Entre R\u00edos SA por los servicios del contrato de agente financiero se encontrar\u00e1 gravada en el impuesto sobre los ingresos brutos provincial\u201d.\u00a0 Tambi\u00e9n uno que incorpora modificaciones a la Ley de Contabilidad y otro que dispone cambios en el C\u00f3digo Fiscal.<\/p>\n<p>&nbsp;<\/p>\n<p>Adem\u00e1s tratar\u00e1 un proyecto de ley de Limitaci\u00f3n Crediticia y otro que dispone la creaci\u00f3n de un Juzgado de Paz con asiento en la localidad de Valle Mar\u00eda con competencia territorial en toda la Colonia General Alvear (departamento Diamante).<\/p>\n<p>&nbsp;<\/p>\n<p>Otra de las iniciativas establece la creaci\u00f3n del Departamento de Cargas y Dimensiones en Vialidad.<\/p>\n<p>&nbsp;<\/p>\n<p>&nbsp;<\/p>\n<p><strong>R\u00e9gimen de licencia para abogados<\/strong><\/p>\n<p>Por otra parte, a las 10 se reunir\u00e1n los integrantes de la Comisi\u00f3n de Legislaci\u00f3n General con el fin de abordar tres proyectos.<\/p>\n<p>&nbsp;<\/p>\n<p>Uno propone un \u201cr\u00e9gimen de licencias para abogados y procuradores que ejerzan representaci\u00f3n o defensas en procesos radicados ante la Justicia ordinaria de Entre R\u00edos\u201d.<\/p>\n<p>&nbsp;<\/p>\n<p>Otra de las iniciativas dispone la adhesi\u00f3n a la Ley Nacional N\u00ba 27.130 (Ley Nacional de Prevenci\u00f3n del Suicidio) y establece la creaci\u00f3n del programa \u201cEntre R\u00edos valora la vida\u201d.<\/p>\n<p>&nbsp;<\/p>\n<p>Tambi\u00e9n tratar\u00e1 un proyecto por el que Entre R\u00edos adhiere a lo dispuesto en la Ley N\u00ba 27.428 R\u00e9gimen Federal de Responsabilidad Fiscal y Buenas Pr\u00e1cticas de Gobierno, modificatoria de la Ley N\u00ba 25.917.<\/p>\n","protected":false},"excerpt":{"rendered":"<p>La C\u00e1mara de Diputados fue convocada a sesionar este martes a las 18. Por otra parte, en comisi\u00f3n se abordar\u00e1 el proyecto por el que se crea el Laboratorio de Industrias Farmac\u00e9uticas de Entre R\u00edos (Infader). Tambi\u00e9n se tratar\u00e1 una iniciativa que crea \u201cel registro \u00fanico de asistencias econ\u00f3micas otorgadas, que estar\u00e1 a cargo de la Secretaria de Hacienda\u201d &nbsp; &nbsp; &nbsp; &nbsp; &nbsp; La C\u00e1mara de Diputados sesionar\u00e1 el martes a las 18 y a las 11 se reunir\u00e1 la Comisi\u00f3n de Presupuesto para tratar el proyecto por el&#8230;<\/p>\n","protected":false},"author":3,"featured_media":28755,"comment_status":"closed","ping_status":"closed","sticky":false,"template":"","format":"standard","meta":[],"categories":[9,15],"tags":[],"_links":{"self":[{"href":"https:\/\/www.actualidadadiario.com\/index.php\/wp-json\/wp\/v2\/posts\/28754"}],"collection":[{"href":"https:\/\/www.actualidadadiario.com\/index.php\/wp-json\/wp\/v2\/posts"}],"about":[{"href":"https:\/\/www.actualidadadiario.com\/index.php\/wp-json\/wp\/v2\/types\/post"}],"author":[{"embeddable":true,"href":"https:\/\/www.actualidadadiario.com\/index.php\/wp-json\/wp\/v2\/users\/3"}],"replies":[{"embeddable":true,"href":"https:\/\/www.actualidadadiario.com\/index.php\/wp-json\/wp\/v2\/comments?post=28754"}],"version-history":[{"count":1,"href":"https:\/\/www.actualidadadiario.com\/index.php\/wp-json\/wp\/v2\/posts\/28754\/revisions"}],"predecessor-version":[{"id":28756,"href":"https:\/\/www.actualidadadiario.com\/index.php\/wp-json\/wp\/v2\/posts\/28754\/revisions\/28756"}],"wp:featuredmedia":[{"embeddable":true,"href":"https:\/\/www.actualidadadiario.com\/index.php\/wp-json\/wp\/v2\/media\/28755"}],"wp:attachment":[{"href":"https:\/\/www.actualidadadiario.com\/index.php\/wp-json\/wp\/v2\/media?parent=28754"}],"wp:term":[{"taxonomy":"category","embeddable":true,"href":"https:\/\/www.actualidadadiario.com\/index.php\/wp-json\/wp\/v2\/categories?post=28754"},{"taxonomy":"post_tag","embeddable":true,"href":"https:\/\/www.actualidadadiario.com\/index.php\/wp-json\/wp\/v2\/tags?post=28754"}],"curies":[{"name":"wp","href":"https:\/\/api.w.org\/{rel}","templated":true}]}}