{"id":28751,"date":"2018-06-19T10:21:50","date_gmt":"2018-06-19T13:21:50","guid":{"rendered":"https:\/\/www.actualidadadiario.com\/?p=28751"},"modified":"2018-11-06T19:43:40","modified_gmt":"2018-11-06T22:43:40","slug":"diputados-radicales-proponen-implementar-la-reforma-politica-a-partir-de-2023","status":"publish","type":"post","link":"https:\/\/www.actualidadadiario.com\/index.php\/2018\/06\/19\/diputados-radicales-proponen-implementar-la-reforma-politica-a-partir-de-2023\/","title":{"rendered":"Diputados radicales proponen implementar la reforma pol\u00edtica a partir de 2023"},"content":{"rendered":"<p><em><strong>Integrantes del bloque de diputados provinciales de la UCR en Cambiemos consideraron que &#8220;m\u00e1s que una reforma electoral coyuntural&#8221; se necesita &#8220;una reforma pol\u00edtica integral que jerarquice la democracia republicana y representativa<\/strong><\/em><\/p>\n<p>&nbsp;<\/p>\n<p>&nbsp;<\/p>\n<p>&nbsp;<\/p>\n<p>&nbsp;<\/p>\n<p>&nbsp;<\/p>\n<p>En una declaraci\u00f3n difundida este lunes, que lleva las firmas de Gabriela Lena, Jos\u00e9 Antonio Artusi, Fuad Sosa, Sergio Kneeteman y Jorge Monge, se record\u00f3 que la Uni\u00f3n C\u00edvica Radical de Entre R\u00edos aprob\u00f3 a trav\u00e9s de su Congreso provincial en 2015 un Compromiso de Gobierno consistente en diez puntos program\u00e1ticos.<\/p>\n<p>&nbsp;<\/p>\n<p>Puntualmente refirieron al \u00edtem titulado &#8216;La institucionalidad pol\u00edtica democr\u00e1tica como condici\u00f3n para el desarrollo&#8217;, en cuanto a &#8220;la restauraci\u00f3n de la divisi\u00f3n de poderes, el funcionamiento en plenitud de las instituciones de la Constituci\u00f3n Provincial, el fortalecimiento del control institucional y ciudadano sobre el gobierno, la responsabilidad personal de los funcionarios p\u00fablicos que delinquen en el ejercicio de sus funciones, el mejoramiento en el funcionamiento de la Justicia y el fortalecimiento de la Legislatura como \u00e1mbito de decisi\u00f3n pol\u00edtica plural y democr\u00e1tica y de control del Poder Ejecutivo son nuestro compromiso renovado en esta nueva instancia electoral&#8221;, tal como expresa ese punto entre otros aspectos.<\/p>\n<p>&nbsp;<\/p>\n<p>&nbsp;<\/p>\n<p><strong>Amplio debate<\/strong><\/p>\n<p>En ese marco, los diputados radicales, manifestaron que ese compromiso &#8220;form\u00f3 parte luego de la plataforma electoral de la coalici\u00f3n Cambiemos que integramos. Es por ello que consideramos en esta particular coyuntura que sigue siendo necesario generar las condiciones para un amplio debate que trascienda a los partidos y la Legislatura en torno a una profunda y genuina reforma pol\u00edtica de car\u00e1cter integral, que incluya pero no se agote en una mera reforma electoral como tantas que hemos tenido desde la recuperaci\u00f3n de la institucionalidad democr\u00e1tica&#8221;, indicaron.<\/p>\n<p>&nbsp;<\/p>\n<p>Y a\u00f1adieron: &#8220;El bloque de diputados provinciales UCR en Cambiemos est\u00e1 abocado a la redacci\u00f3n de un conjunto de proyectos alternativos propios que act\u00faen como un aporte m\u00e1s al debate mencionado anteriormente. Esos proyectos deben constituir un sistema coherente de iniciativas tendientes a reglamentar el art\u00edculo 29 de la Constituci\u00f3n Provincial, referido a los partidos pol\u00edticos, y a la modernizaci\u00f3n y mejora del r\u00e9gimen electoral. Tales iniciativas deber\u00edan tambi\u00e9n articularse de manera armoniosa y coherente con otros proyectos de ley, ya presentados, tendientes a reglamentar cuestiones trascendentes tales como la garant\u00eda del acceso ciudadano a la informaci\u00f3n p\u00fablica y la regulaci\u00f3n de la publicidad oficial en los medios de comunicaci\u00f3n, cuestiones que tienen una evidente vinculaci\u00f3n con la din\u00e1mica pol\u00edtica y electoral&#8221;.<\/p>\n<p>&nbsp;<\/p>\n<p>&nbsp;<\/p>\n<p><strong>Desde 2023<\/strong><\/p>\n<p>&#8220;Nos preocupa sobremanera la posibilidad de que se genere un proceso apresurado de reformas de las reglas de juego en materia electoral que termine siendo funcional, en sus aspectos centrales, a los intereses circunstanciales del gobierno de turno, tal como ha sucedido lamentablemente en anteriores circunstancias en las que el peronismo en el poder reform\u00f3 en un sentido o en otro las normas vigentes pura y exclusivamente para favorecer su perpetuaci\u00f3n en el poder.<\/p>\n<p>&nbsp;<\/p>\n<p>Creemos por lo tanto que debe plantearse un an\u00e1lisis y tratamiento de las normas propuestas por el Poder Ejecutivo, y de otras que deber\u00e1n estudiarse de manera conjunta, con mucho cuidado y detenimiento, de modo tal de generar innovaciones y reformas que no est\u00e9n determinadas ni condicionadas por intereses particulares en el corto plazo sino por el af\u00e1n de plasmar un r\u00e9gimen moderno que brinde a todos amplias garant\u00edas y que est\u00e9 a su vez legitimado por amplios acuerdos pol\u00edticos y sociales que surjan de un debate minucioso despojado de las urgencias electorales de la coyuntura. Es en ese sentido que sostenemos que deber\u00eda evaluarse la posibilidad de la implementaci\u00f3n de un marco normativo que rija reci\u00e9n a partir de las elecciones de 2023.<\/p>\n<p>&nbsp;<\/p>\n<p>Sostenemos la necesidad de plasmar una legislaci\u00f3n que jerarquice el sistema de partidos pol\u00edticos, reglamentando los principios e institutos previstos en el art\u00edculo 29 de la Constituci\u00f3n Provincial, garantizando, entre otras cuestiones, la plena vigencia de la democracia interna, la adecuada y proporcional representaci\u00f3n de las minor\u00edas, el financiamiento p\u00fablico y transparente de su funcionamiento y la formaci\u00f3n y capacitaci\u00f3n de sus afiliados&#8221;, indicaron.<\/p>\n<p>&nbsp;<\/p>\n<p>Consideraron a rengl\u00f3n seguido: &#8220;Una reforma electoral no puede prescindir ni dejar de articularse armoniosamente con normas relativas al funcionamiento y regulaci\u00f3n de los partidos pol\u00edticos y con otras tendientes a reglamentar el derecho a la informaci\u00f3n p\u00fablica y las disposiciones constitucionales sobre publicidad oficial; en tanto los partidos tienen la exclusividad para la nominaci\u00f3n de candidaturas a cargos electivos y son actores reconocidos como fundamentales en el sistema democr\u00e1tico y representativo.<\/p>\n<p>&nbsp;<\/p>\n<p>Con respecto al contenido espec\u00edfico de una reforma del sistema electoral y de los instrumentos de votaci\u00f3n, creemos necesario evaluar de manera rigurosa y en profundidad las implicancias de toda reforma a introducir, teniendo en cuenta la experiencia comparada de provincias hermanas, y la incidencia de las innovaciones efectuadas en el fortalecimiento o debilitamiento de los partidos pol\u00edticos. Es menester tambi\u00e9n definir con precisi\u00f3n y estricto apego al texto constitucional todo lo relativo a la determinaci\u00f3n del cronograma electoral.<\/p>\n<p>&nbsp;<\/p>\n<p>Finalmente se\u00f1alaron: &#8220;Expresamos nuestro rotundo y absoluto rechazo a todo intento de distorsionar la voluntad popular, tal como el nefasto sistema de ley de lemas o similares, y reiteramos nuestra preocupaci\u00f3n acerca de aspectos en la propuesta del Poder Ejecutivo que puedan colisionar con la letra y el esp\u00edritu de las disposiciones de nuestra Constituci\u00f3n provincial&#8221;.<\/p>\n","protected":false},"excerpt":{"rendered":"<p>Integrantes del bloque de diputados provinciales de la UCR en Cambiemos consideraron que &#8220;m\u00e1s que una reforma electoral coyuntural&#8221; se necesita &#8220;una reforma pol\u00edtica integral que jerarquice la democracia republicana y representativa &nbsp; &nbsp; &nbsp; &nbsp; &nbsp; En una declaraci\u00f3n difundida este lunes, que lleva las firmas de Gabriela Lena, Jos\u00e9 Antonio Artusi, Fuad Sosa, Sergio Kneeteman y Jorge Monge, se record\u00f3 que la Uni\u00f3n C\u00edvica Radical de Entre R\u00edos aprob\u00f3 a trav\u00e9s de su Congreso provincial en 2015 un Compromiso de Gobierno consistente en diez puntos program\u00e1ticos. &nbsp; Puntualmente&#8230;<\/p>\n","protected":false},"author":3,"featured_media":28752,"comment_status":"closed","ping_status":"closed","sticky":false,"template":"","format":"standard","meta":[],"categories":[15],"tags":[],"_links":{"self":[{"href":"https:\/\/www.actualidadadiario.com\/index.php\/wp-json\/wp\/v2\/posts\/28751"}],"collection":[{"href":"https:\/\/www.actualidadadiario.com\/index.php\/wp-json\/wp\/v2\/posts"}],"about":[{"href":"https:\/\/www.actualidadadiario.com\/index.php\/wp-json\/wp\/v2\/types\/post"}],"author":[{"embeddable":true,"href":"https:\/\/www.actualidadadiario.com\/index.php\/wp-json\/wp\/v2\/users\/3"}],"replies":[{"embeddable":true,"href":"https:\/\/www.actualidadadiario.com\/index.php\/wp-json\/wp\/v2\/comments?post=28751"}],"version-history":[{"count":1,"href":"https:\/\/www.actualidadadiario.com\/index.php\/wp-json\/wp\/v2\/posts\/28751\/revisions"}],"predecessor-version":[{"id":28753,"href":"https:\/\/www.actualidadadiario.com\/index.php\/wp-json\/wp\/v2\/posts\/28751\/revisions\/28753"}],"wp:featuredmedia":[{"embeddable":true,"href":"https:\/\/www.actualidadadiario.com\/index.php\/wp-json\/wp\/v2\/media\/28752"}],"wp:attachment":[{"href":"https:\/\/www.actualidadadiario.com\/index.php\/wp-json\/wp\/v2\/media?parent=28751"}],"wp:term":[{"taxonomy":"category","embeddable":true,"href":"https:\/\/www.actualidadadiario.com\/index.php\/wp-json\/wp\/v2\/categories?post=28751"},{"taxonomy":"post_tag","embeddable":true,"href":"https:\/\/www.actualidadadiario.com\/index.php\/wp-json\/wp\/v2\/tags?post=28751"}],"curies":[{"name":"wp","href":"https:\/\/api.w.org\/{rel}","templated":true}]}}