{"id":28749,"date":"2018-06-19T10:20:30","date_gmt":"2018-06-19T13:20:30","guid":{"rendered":"https:\/\/www.actualidadadiario.com\/?p=28749"},"modified":"2018-11-06T19:43:40","modified_gmt":"2018-11-06T22:43:40","slug":"varisco-procesado-la-defensa-detallo-sus-proximos-pasos","status":"publish","type":"post","link":"https:\/\/www.actualidadadiario.com\/index.php\/2018\/06\/19\/varisco-procesado-la-defensa-detallo-sus-proximos-pasos\/","title":{"rendered":"Varisco procesado: la defensa detall\u00f3 sus pr\u00f3ximos pasos"},"content":{"rendered":"<p><em><strong>Varisco entreg\u00f3 su celular y anotaciones personales, seg\u00fan dijo uno de sus abogados. Pagliotto mencion\u00f3 que este martes presentar\u00edan un pedido &#8220;de falta de m\u00e9rito&#8221; tras la declaraci\u00f3n de Celis<\/strong><\/em><\/p>\n<p>&nbsp;<\/p>\n<p>&nbsp;<\/p>\n<p>&nbsp;<\/p>\n<p>&nbsp;<\/p>\n<p>Daniel &#8220;Tavi&#8221; Celis fue trasladado este lunes desde la c\u00e1rcel de Federal, hasta Paran\u00e1, para dialogar con su abogado defensor. Solicit\u00f3 ampliar su declaraci\u00f3n indagatoria y en la audiencia dio cuenta de que el intendente Sergio Varisco, el concejal Pablo Hern\u00e1ndez, Grisela Bordeira y Alan Viola no forman parte de la organizaci\u00f3n de venta de drogas.<\/p>\n<p>&nbsp;<\/p>\n<p>Rub\u00e9n Pagliotto, uno de los abogados de Sergio Varisco, indic\u00f3: &#8220;Celis dej\u00f3 afuera de la causa a Varisco, Hern\u00e1ndez, Bordeira y Viola. Dijo espec\u00edfica y puntualmente al juez, que \u00e9l estaba dispuesto a responder todo tipo de preguntas sobre estos aspectos. El juez, evidentemente crey\u00f3 que no era necesario hacerle ninguna pregunta, por lo que nosotros podemos colegir que al juez le qued\u00f3 muy clara la declaraci\u00f3n de Celis. Debe saberse que cuando un imputado se somete al escrutinio de un juez, tiene que someterse a interrogatorio y repreguntas. Si el juez no lo hizo es porque amerit\u00f3 no hacerle ninguna pregunta o porque crey\u00f3 la versi\u00f3n que cont\u00f3 Celis&#8221;.<\/p>\n<p>&nbsp;<\/p>\n<p>El letrado mencion\u00f3 que este lunes el intendente Sergio Varisco entreg\u00f3 en dependencias de la Polic\u00eda Federal Argentina (PFA), &#8220;voluntariamente, su tel\u00e9fono celular, adem\u00e1s de un c\u00famulo de anotaciones personales, que se hab\u00eda comprometido a otorgar en su ampliaci\u00f3n de indagatoria, d\u00edas pasados&#8221;.<\/p>\n<p>&nbsp;<\/p>\n<p>El abogado puso relevancia que Celis &#8220;nunca declar\u00f3 contra Varisco, ni a favor ni en contra&#8221;.<\/p>\n<p>&nbsp;<\/p>\n<p>Entendi\u00f3 que Celis declar\u00f3 espont\u00e1neamente &#8220;en un acto de buena conciencia. Decidi\u00f3 decir la verdad, porque creo que \u00e9l deb\u00eda haber cargado por estos d\u00edas, sobre su conciencia, una fuerte mochila de saber que estaba imputando a inocentes, de delitos que son muy graves. Lo que ha hecho Celis, es poner las cosas en su lugar y decir la verdad&#8221;.<\/p>\n<p>&nbsp;<\/p>\n<p>La defensa de Varisco apelar\u00e1 su procesamiento. &#8220;Presentaremos la apelaci\u00f3n por muchos motivos, pero antes, tal vez este martes, presentaremos un escrito, bas\u00e1ndolo en el art\u00edculo 311 del C\u00f3digo Procesal Penal de la Naci\u00f3n, para que el juez, atento a este nuevo hecho (la declaraci\u00f3n de Celis), deje sin efecto el procesamiento y dicte la falta de m\u00e9rito de nuestro defendido&#8221;. Acot\u00f3 que no dejar\u00e1n vencer el plazo para apelar el procesamiento: &#8220;A m\u00e1s tardar el viernes, o el lunes, apelaremos el auto de procesamiento, porque entendemos que es injusto y se basa en elucubraciones que no tienen respaldo en la causa&#8221;.<\/p>\n<p>&nbsp;<\/p>\n<p>A juicio del abogado &#8220;la declaraci\u00f3n de Celis es demasiado contundente, fue espont\u00e1nea. Nos sorprendi\u00f3 gratamente&#8221;.<\/p>\n","protected":false},"excerpt":{"rendered":"<p>Varisco entreg\u00f3 su celular y anotaciones personales, seg\u00fan dijo uno de sus abogados. Pagliotto mencion\u00f3 que este martes presentar\u00edan un pedido &#8220;de falta de m\u00e9rito&#8221; tras la declaraci\u00f3n de Celis &nbsp; &nbsp; &nbsp; &nbsp; Daniel &#8220;Tavi&#8221; Celis fue trasladado este lunes desde la c\u00e1rcel de Federal, hasta Paran\u00e1, para dialogar con su abogado defensor. Solicit\u00f3 ampliar su declaraci\u00f3n indagatoria y en la audiencia dio cuenta de que el intendente Sergio Varisco, el concejal Pablo Hern\u00e1ndez, Grisela Bordeira y Alan Viola no forman parte de la organizaci\u00f3n de venta de drogas&#8230;.<\/p>\n","protected":false},"author":3,"featured_media":28677,"comment_status":"closed","ping_status":"closed","sticky":false,"template":"","format":"standard","meta":[],"categories":[15],"tags":[],"_links":{"self":[{"href":"https:\/\/www.actualidadadiario.com\/index.php\/wp-json\/wp\/v2\/posts\/28749"}],"collection":[{"href":"https:\/\/www.actualidadadiario.com\/index.php\/wp-json\/wp\/v2\/posts"}],"about":[{"href":"https:\/\/www.actualidadadiario.com\/index.php\/wp-json\/wp\/v2\/types\/post"}],"author":[{"embeddable":true,"href":"https:\/\/www.actualidadadiario.com\/index.php\/wp-json\/wp\/v2\/users\/3"}],"replies":[{"embeddable":true,"href":"https:\/\/www.actualidadadiario.com\/index.php\/wp-json\/wp\/v2\/comments?post=28749"}],"version-history":[{"count":1,"href":"https:\/\/www.actualidadadiario.com\/index.php\/wp-json\/wp\/v2\/posts\/28749\/revisions"}],"predecessor-version":[{"id":28750,"href":"https:\/\/www.actualidadadiario.com\/index.php\/wp-json\/wp\/v2\/posts\/28749\/revisions\/28750"}],"wp:featuredmedia":[{"embeddable":true,"href":"https:\/\/www.actualidadadiario.com\/index.php\/wp-json\/wp\/v2\/media\/28677"}],"wp:attachment":[{"href":"https:\/\/www.actualidadadiario.com\/index.php\/wp-json\/wp\/v2\/media?parent=28749"}],"wp:term":[{"taxonomy":"category","embeddable":true,"href":"https:\/\/www.actualidadadiario.com\/index.php\/wp-json\/wp\/v2\/categories?post=28749"},{"taxonomy":"post_tag","embeddable":true,"href":"https:\/\/www.actualidadadiario.com\/index.php\/wp-json\/wp\/v2\/tags?post=28749"}],"curies":[{"name":"wp","href":"https:\/\/api.w.org\/{rel}","templated":true}]}}