{"id":28746,"date":"2018-06-19T10:19:44","date_gmt":"2018-06-19T13:19:44","guid":{"rendered":"https:\/\/www.actualidadadiario.com\/?p=28746"},"modified":"2018-11-06T19:43:44","modified_gmt":"2018-11-06T22:43:44","slug":"causa-varisco-bordet-confiado-en-la-libertad-e-independencia-del-juez","status":"publish","type":"post","link":"https:\/\/www.actualidadadiario.com\/index.php\/2018\/06\/19\/causa-varisco-bordet-confiado-en-la-libertad-e-independencia-del-juez\/","title":{"rendered":"Causa Varisco: Bordet confiado en la &#8220;libertad e independencia&#8221; del juez"},"content":{"rendered":"<p><em><strong>El gobernador inst\u00f3 a la Justicia Federal a que act\u00fae &#8220;de manera r\u00e1pida con libertad e independencia&#8221; para determinar las responsabilidades en la causa que investiga presuntos v\u00ednculos con el narcotr\u00e1fico<\/strong><\/em><\/p>\n<p>&nbsp;<\/p>\n<p>&nbsp;<\/p>\n<p>&nbsp;<\/p>\n<p>&nbsp;<\/p>\n<p>El gobernador Gustavo Bordet manifest\u00f3 su &#8220;preocupaci\u00f3n&#8221; por el procesamiento al intendente Sergio Varisco en el marco de la causa que investiga sus vinculaciones con la banda narco que lidera Daniel &#8220;Tavi&#8221; Celis.<\/p>\n<p>&nbsp;<\/p>\n<p>&#8220;Estos son temas tienen que ser esclarecidos r\u00e1pidamente, no tiene que quedar ninguna duda, porque es muy peligroso cuando el narcotr\u00e1fico se vincula con el financiamiento de los partidos pol\u00edticos&#8221;, remarc\u00f3 al mandatario provincial, al tiempo que sostuvo que &#8220;nuestra provincia no tiene antecedentes en esta materia&#8221;.<\/p>\n<p>&nbsp;<\/p>\n<p>En la oportunidad, Bordet breg\u00f3 para que &#8220;la Justicia trabaje y lo haga de manera r\u00e1pida como lo viene haciendo, garantizando que todas las instituciones funcionen para que se determinen cu\u00e1les son las responsabilidades&#8221;.<\/p>\n<p>&nbsp;<\/p>\n<p>Finalmente, el gobernador coment\u00f3 que &#8220;\u00faltimamente&#8221; no mantuvo comunicaciones con el intendente.<\/p>\n<p>&nbsp;<\/p>\n<p>El juez federal Leandro R\u00edos proces\u00f3 al intendente Sergio Varisco por considerarlo, a prima facie, coautor penalmente responsable del &#8220;delito de financiamiento de actividades de comercio de estupefacientes, en concurso ideal&#8221;, como as\u00ed tambi\u00e9n peculado, por el uso de fondos municipales. La imputaci\u00f3n tambi\u00e9n recay\u00f3 sobre el concejal H\u00e9ctor Pablo Hern\u00e1ndez (Cambiemos) y la funcionaria municipal Griselda Bordeira.<\/p>\n","protected":false},"excerpt":{"rendered":"<p>El gobernador inst\u00f3 a la Justicia Federal a que act\u00fae &#8220;de manera r\u00e1pida con libertad e independencia&#8221; para determinar las responsabilidades en la causa que investiga presuntos v\u00ednculos con el narcotr\u00e1fico &nbsp; &nbsp; &nbsp; &nbsp; El gobernador Gustavo Bordet manifest\u00f3 su &#8220;preocupaci\u00f3n&#8221; por el procesamiento al intendente Sergio Varisco en el marco de la causa que investiga sus vinculaciones con la banda narco que lidera Daniel &#8220;Tavi&#8221; Celis. &nbsp; &#8220;Estos son temas tienen que ser esclarecidos r\u00e1pidamente, no tiene que quedar ninguna duda, porque es muy peligroso cuando el narcotr\u00e1fico&#8230;<\/p>\n","protected":false},"author":3,"featured_media":28747,"comment_status":"closed","ping_status":"closed","sticky":false,"template":"","format":"standard","meta":[],"categories":[15],"tags":[],"_links":{"self":[{"href":"https:\/\/www.actualidadadiario.com\/index.php\/wp-json\/wp\/v2\/posts\/28746"}],"collection":[{"href":"https:\/\/www.actualidadadiario.com\/index.php\/wp-json\/wp\/v2\/posts"}],"about":[{"href":"https:\/\/www.actualidadadiario.com\/index.php\/wp-json\/wp\/v2\/types\/post"}],"author":[{"embeddable":true,"href":"https:\/\/www.actualidadadiario.com\/index.php\/wp-json\/wp\/v2\/users\/3"}],"replies":[{"embeddable":true,"href":"https:\/\/www.actualidadadiario.com\/index.php\/wp-json\/wp\/v2\/comments?post=28746"}],"version-history":[{"count":1,"href":"https:\/\/www.actualidadadiario.com\/index.php\/wp-json\/wp\/v2\/posts\/28746\/revisions"}],"predecessor-version":[{"id":28748,"href":"https:\/\/www.actualidadadiario.com\/index.php\/wp-json\/wp\/v2\/posts\/28746\/revisions\/28748"}],"wp:featuredmedia":[{"embeddable":true,"href":"https:\/\/www.actualidadadiario.com\/index.php\/wp-json\/wp\/v2\/media\/28747"}],"wp:attachment":[{"href":"https:\/\/www.actualidadadiario.com\/index.php\/wp-json\/wp\/v2\/media?parent=28746"}],"wp:term":[{"taxonomy":"category","embeddable":true,"href":"https:\/\/www.actualidadadiario.com\/index.php\/wp-json\/wp\/v2\/categories?post=28746"},{"taxonomy":"post_tag","embeddable":true,"href":"https:\/\/www.actualidadadiario.com\/index.php\/wp-json\/wp\/v2\/tags?post=28746"}],"curies":[{"name":"wp","href":"https:\/\/api.w.org\/{rel}","templated":true}]}}