{"id":28743,"date":"2018-06-19T10:18:56","date_gmt":"2018-06-19T13:18:56","guid":{"rendered":"https:\/\/www.actualidadadiario.com\/?p=28743"},"modified":"2018-11-06T19:43:44","modified_gmt":"2018-11-06T22:43:44","slug":"pondran-en-valor-el-tunel-subfluvial","status":"publish","type":"post","link":"https:\/\/www.actualidadadiario.com\/index.php\/2018\/06\/19\/pondran-en-valor-el-tunel-subfluvial\/","title":{"rendered":"Pondr\u00e1n en valor el t\u00fanel subfluvial"},"content":{"rendered":"<p><em><strong>El gobernador Gustavo Bordet, junto a su par de Santa Fe, Miguel Lifschitz, participaron de la entrega de premios del concurso nacional de ideas para el nuevo auditorio y la presentaci\u00f3n y puesta en valor del Complejo Social del T\u00fanel Subfluvial Uranga-Sylvestre Begnis<\/strong><\/em><\/p>\n<p>&nbsp;<\/p>\n<p>&nbsp;<\/p>\n<p>&nbsp;<\/p>\n<p>&nbsp;<\/p>\n<p>El gobernador Gustavo Bordet, junto a su par de Santa Fe, Miguel Lifschitz, participaron de la entrega de premios del concurso nacional de ideas para el nuevo auditorio y la presentaci\u00f3n y puesta en valor del Complejo Social del T\u00fanel Subfluvial Uranga-Sylvestre Begnis. Fue la primera vez desde 1965 que dos gobernadores constitucionales se re\u00fanen en el lugar.<\/p>\n<p>&nbsp;<\/p>\n<p>En la actividad que se desarroll\u00f3 este lunes y que signific\u00f3 que dos gobernadores constitucionales vuelvan a reunirse en el lugar despu\u00e9s de 53 a\u00f1os en que lo hicieran por \u00faltima vez, Bordet destac\u00f3 la agenda de trabajo com\u00fan con el gobernador santafesino, y \u201cnada mejor que hacerlo en el T\u00fanel, porque es una obra emblem\u00e1tica de las dos provincias, de dos gobernadores que en su momento se pusieron de acuerdo para realizar esta obra trascendental, y esta actividad afianza las relaciones que venimos sosteniendo para poder avanzar en el desarrollo de ambas provincias integrado en el marco de la Regi\u00f3n Centro\u201d.<\/p>\n<p>&nbsp;<\/p>\n<p>Brodet record\u00f3 tambi\u00e9n el encuentro de la semana pasada en C\u00f3rdoba en el marco de la reuni\u00f3n institucional de la Regi\u00f3n Centro, \u201centendiendo que el desarrollo, progreso y la generaci\u00f3n de empleo son temas que nos ata\u00f1en y atraviesan a todos y poder tener este tipo de agenda hace que vayamos logrando progresiva y paulatinamente los objetivos que nos vamos fijando\u201d.<\/p>\n<p>&nbsp;<\/p>\n<p>Respecto de los desaf\u00edos de la Regi\u00f3n, valor\u00f3 que &#8220;es una gran responsabilidad el hecho de poder tener la presidencia pro t\u00e9mpore de la Regi\u00f3n Centro&#8221;, y coment\u00f3 que &#8220;estamos diagramando una intensa agenda de trabajo; Paran\u00e1 va a ser sede de numerosas reuniones que tienen que ver con ir mejorando todos nuestros sistemas, no solo productivos, sino tambi\u00e9n integrando nuestras universidades como apoyo log\u00edstico al desarrollo, al crecimiento, tambi\u00e9n los sectores del trabajo, profesionales\u201d.<\/p>\n<p>&nbsp;<\/p>\n<p>En ese sentido, destac\u00f3 que la agenda se presenta como \u201cmuy nutrida\u201d, y remarc\u00f3 la cooperaci\u00f3n del Consejo Federal de Inversiones \u201cque articula entre las tres provincias y genera fuentes de financiamiento para determinadas cadenas de valor, como la c\u00e1rnica, que hemos hecho hace poco o como otras cadenas de nuestras econom\u00edas regionales que en Entre R\u00edos son muchas, creo que tenemos un horizonte muy amplio para seguir avanzando\u201d.<\/p>\n<p>&nbsp;<\/p>\n<p>\u201cLa Regi\u00f3n Centro hoy es una realidad, es algo que estaba desarticulado y funciona a pleno, tenemos una excelente relaci\u00f3n entre los tres gobernadores, lo cual facilita mucho que podamos avanzar en este trabajo conjunto\u201d, complet\u00f3.<\/p>\n<p>&nbsp;<\/p>\n<p>Por otro lado, Bordet resalt\u00f3 que el t\u00fanel para los entrerrianos \u201cfue una obra que empez\u00f3 a romper con el criterio de insularidad que tuvo siempre la provincia, esta obra empez\u00f3 a romper con esa l\u00f3gica, es una obra perfectamente federal y que surgi\u00f3 como la necesidad de dos provincias de estar conectadas independientemente de los criterios que se impon\u00edan a nivel nacional\u201d.<\/p>\n<p>&nbsp;<\/p>\n<p>\u201cHoy la situaci\u00f3n es otra, y estamos proyectando un puente que puede unir las dos provincias para mejorar nuestras conexiones viales pero esto no significa el ocaso de esta obra emblem\u00e1tica, este T\u00fanel va a seguir funcionando, es algo que nos hace sentir orgullosos por eso poder tener esta conectividad que nos maca para siempre a las dos provincias es una de nuestras prioridades\u201d, afirm\u00f3.<\/p>\n<p>&nbsp;<\/p>\n<p>Finalmente dijo que \u201cnuestras dos provincias est\u00e1n trabajando en beneficio de nuestros vecinos\u201d, y remarc\u00f3 que &#8220;el proyecto va a generar una mayor posibilidad de desarrollo social para nuestras provincias y para poder gestar de esta manera los objetivos que nos venimos trazando en conjunto&#8221;.<\/p>\n<p>&nbsp;<\/p>\n<p><strong>\u00a0<\/strong><\/p>\n<p><strong>S\u00edmbolo de tiempos actuales<\/strong><\/p>\n<p>Por su parte, el gobernador de Santa Fe, felicit\u00f3 a los participantes del concurso, y valor\u00f3 que el emprendimiento &#8220;viene a ser un s\u00edmbolo de los tiempos actuales, de la necesidad que tenemos las provincias de estrechar v\u00ednculos, promover la integraci\u00f3n regional y en ese objetivo esta obra fue emblem\u00e1tica en su tiempo, marc\u00f3 la visi\u00f3n de dos gobernadores que fueron grandes gobernadores de su tiempo y fueron capaces de imaginar, proyectar y poner en marcha una obra de estas caracter\u00edsticas que 60 a\u00f1os despu\u00e9s sigue siendo probablemente la obra de ingenier\u00eda m\u00e1s importante que se haya hecho en la Argentina\u201d. En ese sentido, afirm\u00f3 que \u201chacer un t\u00fanel por el lecho de un r\u00edo de llanura, aluvional, y caudaloso como el Paran\u00e1, debe ser uno de los desaf\u00edos m\u00e1s complejos de la ingenier\u00eda civil\u201d.<\/p>\n<p>&nbsp;<\/p>\n<p>Al respecto, manifest\u00f3 que el t\u00fanel subfluvial \u201cfue una obra estrat\u00e9gica, visionaria que 50 a\u00f1os despu\u00e9s sigue mostrando la calidad con la que fue prensada, proyectada y ejecutada. Hoy tenemos el desaf\u00edo de mejorar y adaptar la instalaciones a los requerimientos del turismo social, educativo y deportivo y tambi\u00e9n el de pensar que este proyecto debe ser un aliciente para nuevos desaf\u00edos en el camino d la integraci\u00f3n de la dos provincias, y de construir un federalismo moderno\u201d.<\/p>\n<p>&nbsp;<\/p>\n<p>Tambi\u00e9n estuvieron presentes el vicegobernador de Santa Fe, Carlos Fascendini; el ministro de Planeamiento, Infraestructura y Servicios, Luis Benedetto; su par de Infraestructura y Transporte de Santa Fe, Jos\u00e9 Garibay; la ministra de Desarrollo Social de Entre R\u00edos, Laura Stratta; el ministro de Seguridad de Santa Fe, Maximiliano Pullaro; legisladores provinciales; representantes de las provincias en la Comisi\u00f3n Administradora del T\u00fanel Subfluvial, Juan Jos\u00e9 Mart\u00ednez y su par santafesino Mariano Romero Acu\u00f1a; representantes de los Colegios de Arquitectos de ambas provincias; y miembros del jurado del concurso; entre otros.<\/p>\n<p>&nbsp;<\/p>\n<p>&nbsp;<\/p>\n<p><strong>El Concurso de Ideas<\/strong><\/p>\n<p>El Concurso Nacional de Ideas fue una iniciativa orientada al desarrollo de una intervenci\u00f3n arquitect\u00f3nica y urban\u00edstica que comprender\u00e1 la construcci\u00f3n del centro de interpretaci\u00f3n, auditorio y anexos complementarios, conforme a los lineamientos del Plan Maestro del ente interprovincial. El auditorio tendr\u00e1 las caracter\u00edsticas de un sal\u00f3n de usos m\u00faltiples donde se podr\u00e1n realizar diversas actividades y un espacio de interpretaci\u00f3n y museo. La inversi\u00f3n total rondar\u00e1 los 60 millones de pesos.<\/p>\n<p>&nbsp;<\/p>\n<p>Dicho concurso fue organizado por los Colegios de Arquitectos Santa Fe y Entre R\u00edos y cont\u00f3 con el auspicio de la Federaci\u00f3n Argentina de Entidades de Arquitectos (Fadea). Es la primera vez que ambos \u00f3rganos colegiados se unen para realizar un trabajo conjunto de este tipo.<\/p>\n<p>&nbsp;<\/p>\n<p>El Concurso de Ideas estuvo dirigido a arquitectos de todo el pa\u00eds, pero tuvo como condici\u00f3n que cada grupo cuente con un jefe de equipo santafesino o entrerriano.<\/p>\n<p>&nbsp;<\/p>\n<p>Se presentaron un total de 24 proyectos procedentes de diversas regiones del pa\u00eds. Los ganadores se hicieron acreedores de un reconocimiento econ\u00f3mico, consistente en la suma de 115.000 para el primer puesto; para el segundo puesto 55.000 pesos y para el tercer puesto 25.000 pesos. Adem\u00e1s, se otorgaron menciones honor\u00edficas.<\/p>\n<p>&nbsp;<\/p>\n<p>&nbsp;<\/p>\n<p><strong>Complejo Social<\/strong><\/p>\n<p>En cuanto al proyecto de ampliaci\u00f3n del Complejo Social que fue presentado, se trata de una de las intervenciones arquitect\u00f3nicas m\u00e1s importantes desde que se inaugur\u00f3 el viaducto el 13 de diciembre de 1969. En el denominado anexo complementario de la nueva construcci\u00f3n se realizar\u00e1 el museo de la obra.<\/p>\n<p>&nbsp;<\/p>\n<p>La presentaci\u00f3n del proyecto estuvo a cargo del arquitecto Alfredo Jurado.<\/p>\n","protected":false},"excerpt":{"rendered":"<p>El gobernador Gustavo Bordet, junto a su par de Santa Fe, Miguel Lifschitz, participaron de la entrega de premios del concurso nacional de ideas para el nuevo auditorio y la presentaci\u00f3n y puesta en valor del Complejo Social del T\u00fanel Subfluvial Uranga-Sylvestre Begnis &nbsp; &nbsp; &nbsp; &nbsp; El gobernador Gustavo Bordet, junto a su par de Santa Fe, Miguel Lifschitz, participaron de la entrega de premios del concurso nacional de ideas para el nuevo auditorio y la presentaci\u00f3n y puesta en valor del Complejo Social del T\u00fanel Subfluvial Uranga-Sylvestre Begnis&#8230;.<\/p>\n","protected":false},"author":3,"featured_media":28744,"comment_status":"closed","ping_status":"closed","sticky":false,"template":"","format":"standard","meta":[],"categories":[15],"tags":[],"_links":{"self":[{"href":"https:\/\/www.actualidadadiario.com\/index.php\/wp-json\/wp\/v2\/posts\/28743"}],"collection":[{"href":"https:\/\/www.actualidadadiario.com\/index.php\/wp-json\/wp\/v2\/posts"}],"about":[{"href":"https:\/\/www.actualidadadiario.com\/index.php\/wp-json\/wp\/v2\/types\/post"}],"author":[{"embeddable":true,"href":"https:\/\/www.actualidadadiario.com\/index.php\/wp-json\/wp\/v2\/users\/3"}],"replies":[{"embeddable":true,"href":"https:\/\/www.actualidadadiario.com\/index.php\/wp-json\/wp\/v2\/comments?post=28743"}],"version-history":[{"count":1,"href":"https:\/\/www.actualidadadiario.com\/index.php\/wp-json\/wp\/v2\/posts\/28743\/revisions"}],"predecessor-version":[{"id":28745,"href":"https:\/\/www.actualidadadiario.com\/index.php\/wp-json\/wp\/v2\/posts\/28743\/revisions\/28745"}],"wp:featuredmedia":[{"embeddable":true,"href":"https:\/\/www.actualidadadiario.com\/index.php\/wp-json\/wp\/v2\/media\/28744"}],"wp:attachment":[{"href":"https:\/\/www.actualidadadiario.com\/index.php\/wp-json\/wp\/v2\/media?parent=28743"}],"wp:term":[{"taxonomy":"category","embeddable":true,"href":"https:\/\/www.actualidadadiario.com\/index.php\/wp-json\/wp\/v2\/categories?post=28743"},{"taxonomy":"post_tag","embeddable":true,"href":"https:\/\/www.actualidadadiario.com\/index.php\/wp-json\/wp\/v2\/tags?post=28743"}],"curies":[{"name":"wp","href":"https:\/\/api.w.org\/{rel}","templated":true}]}}