{"id":28739,"date":"2018-06-19T10:17:43","date_gmt":"2018-06-19T13:17:43","guid":{"rendered":"https:\/\/www.actualidadadiario.com\/?p=28739"},"modified":"2018-11-06T19:43:44","modified_gmt":"2018-11-06T22:43:44","slug":"bordet-repaso-con-su-gabinete-las-obras-en-marcha-en-la-provincia","status":"publish","type":"post","link":"https:\/\/www.actualidadadiario.com\/index.php\/2018\/06\/19\/bordet-repaso-con-su-gabinete-las-obras-en-marcha-en-la-provincia\/","title":{"rendered":"Bordet repas\u00f3 con su gabinete las obras en marcha en la provincia"},"content":{"rendered":"<p><em><strong>El gobernador Gustavo Bordet evalu\u00f3 con su equipo de gobierno el grado de avance de las obras p\u00fablicas que se est\u00e1n ejecutando en la provincia y ratific\u00f3 su continuidad<\/strong><\/em><\/p>\n<p>&nbsp;<\/p>\n<p>&nbsp;<\/p>\n<p>&nbsp;<\/p>\n<p>&nbsp;<\/p>\n<p>&nbsp;<\/p>\n<p>Luego del encuentro, que se repite cada semana, el ministro de Planeamiento, Luis Benedetto, coment\u00f3 que en el encuentro de este lunes &#8220;una de las sugerencias fue ver la parte presupuestaria en funci\u00f3n de los \u00faltimos anuncios que hizo el gobierno nacional y tener una continuidad de acuerdo a lo previsto en materia de obras. Y tratar de darle a esos recursos el mejor aprovechamiento posible&#8221;.<\/p>\n<p>&nbsp;<\/p>\n<p>Benedetto precis\u00f3 que hay m\u00e1s de 120 obras en ejecuci\u00f3n en la provincia y cerca de la mitad est\u00e1 en una etapa final con lo cual en los pr\u00f3ximos meses se estar\u00e1n inaugurando. &#8220;Venimos con buen ritmo y esperamos que no se ocasionen demoras para poder cumplir con lo previsto&#8221;, indic\u00f3.<\/p>\n<p>&nbsp;<\/p>\n<p>Por su parte, la directora de Vialidad Provincial, Alicia Ben\u00edtez, expres\u00f3 que la marcha de las obras viales se vio afectada por el clima, que pas\u00f3 de una sequ\u00eda en los primeros meses del a\u00f1o a lluvias en mayo con 300 mil\u00edmetros en algunas zonas. &#8220;Le comentamos al gobernador c\u00f3mo van las curvas de trabajo, qu\u00e9 nos permite hacer en caminos rurales y le explicamos que estamos buscando nuevas tecnolog\u00edas&#8221;, dijo Ben\u00edtez.<\/p>\n<p>&nbsp;<\/p>\n<p>En ese sentido, precis\u00f3 que el terreno de Entre R\u00edos es dif\u00edcil, con lo cual se hace necesario el uso de nuevas tecnolog\u00edas &#8220;como empezar a trabajar con cal hidratada, cal viva, asfaltos espumados, que pueden dar un resultados diferente en el territorio&#8221;.<\/p>\n<p>&nbsp;<\/p>\n<p>&nbsp;<\/p>\n<p><strong>Gas y electrificaci\u00f3n<\/strong><\/p>\n<p>Por su parte, el secretario de Energ\u00eda y titular de Enersa, Jorge Gonz\u00e1lez, se\u00f1al\u00f3 que &#8220;repasamos todos los \u00edtems de las obras de gas, las pr\u00f3ximas licitaciones que se van a dar en junio o julio; y lo que es electrificaci\u00f3n rural, las obras en marcha\u201d.<\/p>\n<p>&nbsp;<\/p>\n<p>Asimismo, coment\u00f3 que se inform\u00f3 sobre \u201cel plan de reemplazos troncales que vamos a lanzar con las 18 cooperativas, lo que seguramente va a ser este mes o el pr\u00f3ximo. Ya tenemos previsto el presupuesto y la zona de trabajo; son 19 proyectos que van a ser trabajados con Enersa y las 12 cooperativas\u201d.<\/p>\n<p>&nbsp;<\/p>\n<p>Por otro lado, dijo que se expuso sobre los avances de los distintos programas que est\u00e1 llevando Enersa, como es Mi Hogar Seguro y Mi Hogar Solar. Este \u00faltimo, explic\u00f3 que \u201ctiene que ver con la capacitaci\u00f3n de los instaladores de termotanques, un nuevo oficio que se instala; nosotros estamos viendo con los equipos, la calidad y el tipo de equipamiento que hay en el mercado y consiguiendo financiamiento a trav\u00e9s de entidades financieras. Eso seguramente en julio va a estar dispuesto para todos los usuarios\u201d.<\/p>\n<p>&nbsp;<\/p>\n<p>Luego coment\u00f3 que tambi\u00e9n se habl\u00f3 del avance de las distintas obras que se est\u00e1n llevando a cabo en la provincia, como Los Conquistadores-Federal; el Cierre Norte; San V\u00edctor- Feliciano; alimentaci\u00f3n al Parque Industrial de Crespo; alimentaci\u00f3n al Parque Industrial de Viales, que se est\u00e1 adjudicando; Villa Elisa-San Jos\u00e9; Basavilbaso-Urdinarrain. \u201cSon todas obras que est\u00e1n en ejecuci\u00f3n y que se enmarcan dentro del plan a 10 a\u00f1os previsto y presentado ante la sociedad\u201d, subray\u00f3.<\/p>\n<p>&nbsp;<\/p>\n<p>Por \u00faltimo, indic\u00f3: \u201cHicimos un repaso general, fundamentalmente dentro de este contexto donde vamos intentar que las obras no se atrasen y que se lleven adelante a buen t\u00e9rmino\u201d.<\/p>\n","protected":false},"excerpt":{"rendered":"<p>El gobernador Gustavo Bordet evalu\u00f3 con su equipo de gobierno el grado de avance de las obras p\u00fablicas que se est\u00e1n ejecutando en la provincia y ratific\u00f3 su continuidad &nbsp; &nbsp; &nbsp; &nbsp; &nbsp; Luego del encuentro, que se repite cada semana, el ministro de Planeamiento, Luis Benedetto, coment\u00f3 que en el encuentro de este lunes &#8220;una de las sugerencias fue ver la parte presupuestaria en funci\u00f3n de los \u00faltimos anuncios que hizo el gobierno nacional y tener una continuidad de acuerdo a lo previsto en materia de obras. Y&#8230;<\/p>\n","protected":false},"author":3,"featured_media":28741,"comment_status":"closed","ping_status":"closed","sticky":false,"template":"","format":"standard","meta":[],"categories":[9,15],"tags":[],"_links":{"self":[{"href":"https:\/\/www.actualidadadiario.com\/index.php\/wp-json\/wp\/v2\/posts\/28739"}],"collection":[{"href":"https:\/\/www.actualidadadiario.com\/index.php\/wp-json\/wp\/v2\/posts"}],"about":[{"href":"https:\/\/www.actualidadadiario.com\/index.php\/wp-json\/wp\/v2\/types\/post"}],"author":[{"embeddable":true,"href":"https:\/\/www.actualidadadiario.com\/index.php\/wp-json\/wp\/v2\/users\/3"}],"replies":[{"embeddable":true,"href":"https:\/\/www.actualidadadiario.com\/index.php\/wp-json\/wp\/v2\/comments?post=28739"}],"version-history":[{"count":1,"href":"https:\/\/www.actualidadadiario.com\/index.php\/wp-json\/wp\/v2\/posts\/28739\/revisions"}],"predecessor-version":[{"id":28742,"href":"https:\/\/www.actualidadadiario.com\/index.php\/wp-json\/wp\/v2\/posts\/28739\/revisions\/28742"}],"wp:featuredmedia":[{"embeddable":true,"href":"https:\/\/www.actualidadadiario.com\/index.php\/wp-json\/wp\/v2\/media\/28741"}],"wp:attachment":[{"href":"https:\/\/www.actualidadadiario.com\/index.php\/wp-json\/wp\/v2\/media?parent=28739"}],"wp:term":[{"taxonomy":"category","embeddable":true,"href":"https:\/\/www.actualidadadiario.com\/index.php\/wp-json\/wp\/v2\/categories?post=28739"},{"taxonomy":"post_tag","embeddable":true,"href":"https:\/\/www.actualidadadiario.com\/index.php\/wp-json\/wp\/v2\/tags?post=28739"}],"curies":[{"name":"wp","href":"https:\/\/api.w.org\/{rel}","templated":true}]}}