{"id":28730,"date":"2018-06-18T10:31:19","date_gmt":"2018-06-18T13:31:19","guid":{"rendered":"https:\/\/www.actualidadadiario.com\/?p=28730"},"modified":"2018-11-06T19:43:44","modified_gmt":"2018-11-06T22:43:44","slug":"ivan-duque-es-el-nuevo-presidente-de-colombia","status":"publish","type":"post","link":"https:\/\/www.actualidadadiario.com\/index.php\/2018\/06\/18\/ivan-duque-es-el-nuevo-presidente-de-colombia\/","title":{"rendered":"Iv\u00e1n Duque es el nuevo presidente de Colombia"},"content":{"rendered":"<p><em><strong>El derechista Iv\u00e1n Duque ser\u00e1 el pr\u00f3ximo presidente de Colombia, al superar ampliamente en la segunda vuelta electoral al izquierdista Gustavo Petro, seg\u00fan el escrutinio oficial<\/strong><\/em><\/p>\n<p>&nbsp;<\/p>\n<p>&nbsp;<\/p>\n<p>&nbsp;<\/p>\n<p>&nbsp;<\/p>\n<p>El derechista Iv\u00e1n Duque ser\u00e1 el pr\u00f3ximo presidente de Colombia, al superar ampliamente en la segunda vuelta electoral al izquierdista Gustavo Petro, seg\u00fan el escrutinio oficial. Duque obten\u00eda 53,98 por ciento de los votos contra 41,81 por ciento de Petro cuando se hab\u00eda completado 99,99 por ciento del conteo de la Registradur\u00eda Nacional del Estado Civil. A esa altura, los votos en blanco y nulos equival\u00edan a 4,20 y 1,36 por ciento de los sufragios totales.<\/p>\n<p>&nbsp;<\/p>\n<p>Con 46,96 por ciento de abstenci\u00f3n, de acuerdo con los datos oficiales publicados en el sitio web de la Registradur\u00eda. Postulado por el partido Centro Democr\u00e1tico del ex presidente \u00c1lvaro Uribe, Duque, de 41 a\u00f1os, es abogado, senador y ex funcionario del Banco Interamericano de Desarrollo (BID) sin experiencia de gesti\u00f3n p\u00fablica. Junto a Duque, que el 7 de agosto suceder\u00e1 al presidente Juan Manuel Santos, se consagr\u00f3 Marta Luc\u00eda Ram\u00edrez.<\/p>\n<p>&nbsp;<\/p>\n<p>A los 63 a\u00f1os se convirti\u00f3 en la primera mujer que llega a la Vicepresidencia en la historia de Colombia. &#8220;Con humildad y con honor quiero decirle al pueblo colombiano que voy a entregar todas mis energ\u00edas para unir a nuestro pa\u00eds; no m\u00e1s divisiones, pensemos en un pa\u00eds con todos y para todos&#8221;, prometi\u00f3 Duque esta noche, al hablar ante sus simpatizantes en Bogot\u00e1. El mandatario electo asegur\u00f3 que con \u00e9l llegar\u00e1 al gobierno &#8220;una nueva generaci\u00f3n&#8221;.<\/p>\n<p>&nbsp;<\/p>\n<p>En tanto, Petro reconoci\u00f3 ante sus militantes la victoria de Duque -tal como lo hab\u00eda hecho un rato antes a trav\u00e9s de Twitter- y advirti\u00f3 que se opondr\u00e1 frontalmente a que el pr\u00f3ximo mandatario y su equipo &#8220;retrocedan Colombia hacia la guerra&#8221;. &#8220;Aceptamos su triunfo, es el presidente de la rep\u00fablica de Colombia, no le vamos a pedir ministerios ni embajadas; hoy somos la oposici\u00f3n a ese gobierno que va a conformar&#8221;, dijo Petro ante sus militantes.<\/p>\n<p>&nbsp;<\/p>\n<p>El primero en reconocer el triunfo de Duque fue Santos: &#8220;Llam\u00e9 a Iv\u00e1n Duque para felicitarlo y desearle la mejor de las suertes; le ofrec\u00ed toda la colaboraci\u00f3n del gobierno para hacer una transici\u00f3n ordenada y tranquila&#8221;, dijo el jefe del Estado en su cuenta de Twitter una hora y media despu\u00e9s del cierre de las urnas. M\u00e1s temprano, en el momento de votar, Santos reivindic\u00f3 el acuerdo de paz que firm\u00f3 con las FARC.<\/p>\n<p>&nbsp;<\/p>\n<p>&#8220;Quiero resaltar esa parte de estas elecciones, son elecciones trascendentales; en la \u00faltima elecci\u00f3n, en la primera vuelta, por primera vez un ex comandante de las FARC vot\u00f3 en democracia, ya sin armas, y como l\u00edder de un partido pol\u00edtico&#8221;, asegur\u00f3 en referencia al n\u00famero uno de la antigua guerrilla, Rodrigo Londo\u00f1o, quien usaba el alias Timochenko. El presidente agreg\u00f3 que Colombia &#8220;se est\u00e1 transformando y se est\u00e1 transformando para bien&#8221;.<\/p>\n<p>&nbsp;<\/p>\n<p>&nbsp;<\/p>\n<p><strong>Duque postul\u00f3 ideas que lo diferencian de Santos<\/strong><\/p>\n<p>Entre otras, propuso modificar el acuerdo de paz firmado a fines de 2016 con las FARC, con el objeto de evitar que los miembros de la disuelta organizaci\u00f3n guerrillera accedan a cargos p\u00fablicos antes de comparecer ante la justicia. El ganador del balotaje impulsa adem\u00e1s la sustituci\u00f3n forzada de los cultivos il\u00edcitos de hoja de coca, as\u00ed como prohibir que condenados por narcotr\u00e1fico obtengan amnist\u00edas.<\/p>\n","protected":false},"excerpt":{"rendered":"<p>El derechista Iv\u00e1n Duque ser\u00e1 el pr\u00f3ximo presidente de Colombia, al superar ampliamente en la segunda vuelta electoral al izquierdista Gustavo Petro, seg\u00fan el escrutinio oficial &nbsp; &nbsp; &nbsp; &nbsp; El derechista Iv\u00e1n Duque ser\u00e1 el pr\u00f3ximo presidente de Colombia, al superar ampliamente en la segunda vuelta electoral al izquierdista Gustavo Petro, seg\u00fan el escrutinio oficial. Duque obten\u00eda 53,98 por ciento de los votos contra 41,81 por ciento de Petro cuando se hab\u00eda completado 99,99 por ciento del conteo de la Registradur\u00eda Nacional del Estado Civil. A esa altura, los&#8230;<\/p>\n","protected":false},"author":3,"featured_media":28731,"comment_status":"closed","ping_status":"closed","sticky":false,"template":"","format":"standard","meta":[],"categories":[4],"tags":[],"_links":{"self":[{"href":"https:\/\/www.actualidadadiario.com\/index.php\/wp-json\/wp\/v2\/posts\/28730"}],"collection":[{"href":"https:\/\/www.actualidadadiario.com\/index.php\/wp-json\/wp\/v2\/posts"}],"about":[{"href":"https:\/\/www.actualidadadiario.com\/index.php\/wp-json\/wp\/v2\/types\/post"}],"author":[{"embeddable":true,"href":"https:\/\/www.actualidadadiario.com\/index.php\/wp-json\/wp\/v2\/users\/3"}],"replies":[{"embeddable":true,"href":"https:\/\/www.actualidadadiario.com\/index.php\/wp-json\/wp\/v2\/comments?post=28730"}],"version-history":[{"count":1,"href":"https:\/\/www.actualidadadiario.com\/index.php\/wp-json\/wp\/v2\/posts\/28730\/revisions"}],"predecessor-version":[{"id":28732,"href":"https:\/\/www.actualidadadiario.com\/index.php\/wp-json\/wp\/v2\/posts\/28730\/revisions\/28732"}],"wp:featuredmedia":[{"embeddable":true,"href":"https:\/\/www.actualidadadiario.com\/index.php\/wp-json\/wp\/v2\/media\/28731"}],"wp:attachment":[{"href":"https:\/\/www.actualidadadiario.com\/index.php\/wp-json\/wp\/v2\/media?parent=28730"}],"wp:term":[{"taxonomy":"category","embeddable":true,"href":"https:\/\/www.actualidadadiario.com\/index.php\/wp-json\/wp\/v2\/categories?post=28730"},{"taxonomy":"post_tag","embeddable":true,"href":"https:\/\/www.actualidadadiario.com\/index.php\/wp-json\/wp\/v2\/tags?post=28730"}],"curies":[{"name":"wp","href":"https:\/\/api.w.org\/{rel}","templated":true}]}}