{"id":2873,"date":"2016-10-19T09:19:26","date_gmt":"2016-10-19T12:19:26","guid":{"rendered":"http:\/\/actualidadadiario.com\/site\/?p=2873"},"modified":"2016-10-19T09:19:26","modified_gmt":"2016-10-19T12:19:26","slug":"el-ejecutivo-ratifico-el-fin-del-futbol-para-todos","status":"publish","type":"post","link":"https:\/\/www.actualidadadiario.com\/index.php\/2016\/10\/19\/el-ejecutivo-ratifico-el-fin-del-futbol-para-todos\/","title":{"rendered":"El Ejecutivo ratific\u00f3 el fin del &#8220;F\u00fatbol para Todos&#8221;"},"content":{"rendered":"<p><em><strong>El presidente Mauricio Macri se reuni\u00f3 en Casa de Gobierno con el titular del programa &#8220;F\u00fatbol para Todos&#8221;, Fernando Mar\u00edn, y qued\u00f3 ratificado que a fin de a\u00f1o el Estado dejar\u00e1 de aportar plata para la transmisi\u00f3n televisiva del principal deporte del pa\u00eds<\/strong><\/em><\/p>\n<p>&nbsp;<\/p>\n<p>&nbsp;<\/p>\n<p>&nbsp;<\/p>\n<p>&nbsp;<\/p>\n<p>&nbsp;<\/p>\n<p>La reuni\u00f3n se realiz\u00f3 esta ma\u00f1ana en el despacho de la Casa Rosada y tambi\u00e9n particip\u00f3 el secretario General de la Presidencia, Fernando de Andreis, informaron a T\u00e9lam dos fuentes gubernamentales que manejan ese tema.<\/p>\n<p>&nbsp;<\/p>\n<p>Semanas atr\u00e1s, De Andreis hab\u00eda explicado que este a\u00f1o el Estado aportar\u00eda al &#8220;F\u00fatbol para Todos&#8221; los 1.850 millones de pesos prometidos en el contrato de 2016, firmado a principios de a\u00f1o.<\/p>\n<p>&nbsp;<\/p>\n<p>Pese a los tironeos con los dirigentes de la Asociaci\u00f3n del F\u00fatbol Argentino (AFA), el Gobierno no accedi\u00f3 a incrementar esa suma y, ahora, se dispone a no poner un peso m\u00e1s el a\u00f1o pr\u00f3ximo. Mientras, los equipos de Primera Divisi\u00f3n analizan hacer un paro por la falta de recursos.<\/p>\n<p>&nbsp;<\/p>\n<p>El secretario General de la Presidencia hab\u00eda advertido que &#8220;es muy f\u00e1cil salir a reclamarle al Estado que sea una suerte de ambulancia del despilfarro de la AFA&#8221;.<\/p>\n<p>&nbsp;<\/p>\n<p>&#8220;El problema y la soluci\u00f3n est\u00e1n en AFA. En vez de gastar disparates, en el mejor de los casos, porque hay serios indicios de corrupci\u00f3n, deber\u00edan devolver el dinero para que se transparente todo. Si los clubes dejan de financiarse a trav\u00e9s de la deuda con AFA todo se solucionar\u00eda en un 80 por ciento&#8221;, asever\u00f3.<\/p>\n<p>&nbsp;<\/p>\n<p>El funcionario hab\u00eda advertido adem\u00e1s que &#8220;con el nivel de despilfarro, la corrupci\u00f3n, la poca profesionalizaci\u00f3n en la administraci\u00f3n de los recursos y los disparates que se han pagado en algunos casos, no hay bolsillo que aguante&#8221;.<\/p>\n","protected":false},"excerpt":{"rendered":"<p>El presidente Mauricio Macri se reuni\u00f3 en Casa de Gobierno con el titular del programa &#8220;F\u00fatbol para Todos&#8221;, Fernando Mar\u00edn, y qued\u00f3 ratificado que a fin de a\u00f1o el Estado dejar\u00e1 de aportar plata para la transmisi\u00f3n televisiva del principal deporte del pa\u00eds &nbsp; &nbsp; &nbsp; &nbsp; &nbsp; La reuni\u00f3n se realiz\u00f3 esta ma\u00f1ana en el despacho de la Casa Rosada y tambi\u00e9n particip\u00f3 el secretario General de la Presidencia, Fernando de Andreis, informaron a T\u00e9lam dos fuentes gubernamentales que manejan ese tema. &nbsp; Semanas atr\u00e1s, De Andreis hab\u00eda explicado&#8230;<\/p>\n","protected":false},"author":3,"featured_media":2874,"comment_status":"closed","ping_status":"closed","sticky":false,"template":"","format":"standard","meta":[],"categories":[9],"tags":[],"_links":{"self":[{"href":"https:\/\/www.actualidadadiario.com\/index.php\/wp-json\/wp\/v2\/posts\/2873"}],"collection":[{"href":"https:\/\/www.actualidadadiario.com\/index.php\/wp-json\/wp\/v2\/posts"}],"about":[{"href":"https:\/\/www.actualidadadiario.com\/index.php\/wp-json\/wp\/v2\/types\/post"}],"author":[{"embeddable":true,"href":"https:\/\/www.actualidadadiario.com\/index.php\/wp-json\/wp\/v2\/users\/3"}],"replies":[{"embeddable":true,"href":"https:\/\/www.actualidadadiario.com\/index.php\/wp-json\/wp\/v2\/comments?post=2873"}],"version-history":[{"count":1,"href":"https:\/\/www.actualidadadiario.com\/index.php\/wp-json\/wp\/v2\/posts\/2873\/revisions"}],"predecessor-version":[{"id":2875,"href":"https:\/\/www.actualidadadiario.com\/index.php\/wp-json\/wp\/v2\/posts\/2873\/revisions\/2875"}],"wp:featuredmedia":[{"embeddable":true,"href":"https:\/\/www.actualidadadiario.com\/index.php\/wp-json\/wp\/v2\/media\/2874"}],"wp:attachment":[{"href":"https:\/\/www.actualidadadiario.com\/index.php\/wp-json\/wp\/v2\/media?parent=2873"}],"wp:term":[{"taxonomy":"category","embeddable":true,"href":"https:\/\/www.actualidadadiario.com\/index.php\/wp-json\/wp\/v2\/categories?post=2873"},{"taxonomy":"post_tag","embeddable":true,"href":"https:\/\/www.actualidadadiario.com\/index.php\/wp-json\/wp\/v2\/tags?post=2873"}],"curies":[{"name":"wp","href":"https:\/\/api.w.org\/{rel}","templated":true}]}}