{"id":28724,"date":"2018-06-18T10:29:40","date_gmt":"2018-06-18T13:29:40","guid":{"rendered":"https:\/\/www.actualidadadiario.com\/?p=28724"},"modified":"2018-11-06T19:43:44","modified_gmt":"2018-11-06T22:43:44","slug":"federer-celebra-el-numero-uno-con-el-titulo-98-de-su-carrera","status":"publish","type":"post","link":"https:\/\/www.actualidadadiario.com\/index.php\/2018\/06\/18\/federer-celebra-el-numero-uno-con-el-titulo-98-de-su-carrera\/","title":{"rendered":"Federer celebra el n\u00famero uno con el t\u00edtulo 98 de su carrera"},"content":{"rendered":"<p><em><strong>El suizo derrot\u00f3 a Milos Raonic por 6-4 y 7-6 (3) y ma\u00f1ana volver\u00e1 al n\u00famero uno con una ventaja de 150 puntos sobre Rafa Nadal. Pr\u00f3xima parada, Halle<\/strong><\/em><\/p>\n<p>&nbsp;<\/p>\n<p>&nbsp;<\/p>\n<p>&nbsp;<\/p>\n<p>&nbsp;<\/p>\n<p>Roger Federer, ogro de la hierba como Rafa Nadal lo es de la tierra, utiliz\u00f3 el peque\u00f1o torneo ATP 250 de Stuttgart para darse un homenaje en el inicio de la campa\u00f1a sobre c\u00e9sped. Con el pase a la final arrebat\u00f3 el n\u00famero uno a Rafa Nadal y con su victoria hoy frente al canadiense Milos Raonic (6-4, 7-6 (3) en 1h:18) levant\u00f3 otro trofeo, el n\u00famero 98 de su carrera, a once s\u00f3lo del r\u00e9cord absoluto (109) de Jimmy Connors. Nadal se queda a 150 puntos.<\/p>\n<p>&nbsp;<\/p>\n<p>&nbsp;<\/p>\n<p>En una superficie donde todo va r\u00e1pido, el suizo que cumplir\u00e1 37 a\u00f1os en agosto, domin\u00f3 con suficiencia el partido. Pese a tener delante a un ca\u00f1onero (10-3 en el balance previo, con una victoria de Raonic en Wimbledon 2016), logr\u00f3 un primer break en el tercer juego y en 33 minutos ten\u00eda media final en el raquetero.<\/p>\n<p>&nbsp;<\/p>\n<p>Raonic, un jugador que fue tres del mundo en 2016 y ahora sube del 35\u00ba al 31\u00ba, aguant\u00f3 con su servicio (14 aces) el segundo parcial. Pero en el tie-break fall\u00f3 con su mejor arma y una doble falta signific\u00f3 el finiquito a favor del expreso de Basilea.<\/p>\n<p>&nbsp;<\/p>\n<p>Federer no jugaba desde hace dos meses y medio, cuando perdi\u00f3 en la segunda ronda de Miami. Y por segundo a\u00f1o consecutivo, evit\u00f3 toda la campa\u00f1a europea de tierra para prevenir un encontronazo con Nadal que le torciera el rumbo y centrar as\u00ed todos sus esfuerzos en la hierba y en Wimbledon, donde aspira a ganar su noveno t\u00edtulo en la Catedral, que har\u00eda 21\u00ba en su cuenta de Grand Slams. Su reingreso en el circuito ha significado otro triunfo, el tercero del a\u00f1o tras Australia y Rotterdam.<\/p>\n<p>&nbsp;<\/p>\n<p>&#8220;Ganando, uno nunca se hace viejo&#8221;, rezaba un cartel en la grada. Y esa parece ser la receta de Federer, que debe revalidar t\u00edtulo desde el lunes en el ATP 500 de Halle (Alemania) para llegar n\u00famero uno a Wimbledon. En el All England tampoco puede sumar (defiende 2.000), as\u00ed que la presi\u00f3n que sufri\u00f3 Nadal en arcilla (una derrota significaba ceder el cetro) se traspasa a casa del suizo. Cinco veces se han alternado ya el de Basilea y el espa\u00f1ol en lo m\u00e1s alto este a\u00f1o. Y lo que queda.<\/p>\n","protected":false},"excerpt":{"rendered":"<p>El suizo derrot\u00f3 a Milos Raonic por 6-4 y 7-6 (3) y ma\u00f1ana volver\u00e1 al n\u00famero uno con una ventaja de 150 puntos sobre Rafa Nadal. Pr\u00f3xima parada, Halle &nbsp; &nbsp; &nbsp; &nbsp; Roger Federer, ogro de la hierba como Rafa Nadal lo es de la tierra, utiliz\u00f3 el peque\u00f1o torneo ATP 250 de Stuttgart para darse un homenaje en el inicio de la campa\u00f1a sobre c\u00e9sped. Con el pase a la final arrebat\u00f3 el n\u00famero uno a Rafa Nadal y con su victoria hoy frente al canadiense Milos Raonic&#8230;<\/p>\n","protected":false},"author":3,"featured_media":28725,"comment_status":"closed","ping_status":"closed","sticky":false,"template":"","format":"standard","meta":[],"categories":[4],"tags":[],"_links":{"self":[{"href":"https:\/\/www.actualidadadiario.com\/index.php\/wp-json\/wp\/v2\/posts\/28724"}],"collection":[{"href":"https:\/\/www.actualidadadiario.com\/index.php\/wp-json\/wp\/v2\/posts"}],"about":[{"href":"https:\/\/www.actualidadadiario.com\/index.php\/wp-json\/wp\/v2\/types\/post"}],"author":[{"embeddable":true,"href":"https:\/\/www.actualidadadiario.com\/index.php\/wp-json\/wp\/v2\/users\/3"}],"replies":[{"embeddable":true,"href":"https:\/\/www.actualidadadiario.com\/index.php\/wp-json\/wp\/v2\/comments?post=28724"}],"version-history":[{"count":1,"href":"https:\/\/www.actualidadadiario.com\/index.php\/wp-json\/wp\/v2\/posts\/28724\/revisions"}],"predecessor-version":[{"id":28726,"href":"https:\/\/www.actualidadadiario.com\/index.php\/wp-json\/wp\/v2\/posts\/28724\/revisions\/28726"}],"wp:featuredmedia":[{"embeddable":true,"href":"https:\/\/www.actualidadadiario.com\/index.php\/wp-json\/wp\/v2\/media\/28725"}],"wp:attachment":[{"href":"https:\/\/www.actualidadadiario.com\/index.php\/wp-json\/wp\/v2\/media?parent=28724"}],"wp:term":[{"taxonomy":"category","embeddable":true,"href":"https:\/\/www.actualidadadiario.com\/index.php\/wp-json\/wp\/v2\/categories?post=28724"},{"taxonomy":"post_tag","embeddable":true,"href":"https:\/\/www.actualidadadiario.com\/index.php\/wp-json\/wp\/v2\/tags?post=28724"}],"curies":[{"name":"wp","href":"https:\/\/api.w.org\/{rel}","templated":true}]}}