{"id":28721,"date":"2018-06-18T10:28:58","date_gmt":"2018-06-18T13:28:58","guid":{"rendered":"https:\/\/www.actualidadadiario.com\/?p=28721"},"modified":"2018-11-06T19:43:44","modified_gmt":"2018-11-06T22:43:44","slug":"me-visto-como-quiero-no-es-asunto-de-ustedes-asi-se-rebelan-las-mujeres-de-iran-contra-el-velo-obligatorio","status":"publish","type":"post","link":"https:\/\/www.actualidadadiario.com\/index.php\/2018\/06\/18\/me-visto-como-quiero-no-es-asunto-de-ustedes-asi-se-rebelan-las-mujeres-de-iran-contra-el-velo-obligatorio\/","title":{"rendered":"\u201cMe visto como quiero, no es asunto de ustedes\u201d: as\u00ed se rebelan las mujeres de Ir\u00e1n contra el velo obligatorio"},"content":{"rendered":"<p><em><strong>Tel\u00e9fonos m\u00f3viles y redes sociales ayudan a denunciar el acoso al que est\u00e1n sometidas por la polic\u00eda de la moral y ciudadanas ultraconservadoras<\/strong><\/em><\/p>\n<p>&nbsp;<\/p>\n<p>&nbsp;<\/p>\n<p>&nbsp;<\/p>\n<p>&nbsp;<\/p>\n<p>&nbsp;<\/p>\n<p>&#8220;Me visto como quiero. No es asunto de ustedes\u201d, grita una joven llamando la atenci\u00f3n de los pasajeros que en ese momento se encuentran en la estaci\u00f3n de metro de Darvazeh Dowlat de Teher\u00e1n. Frente a ella, tres mujeres que, al parecer, le han pedido que se cubra la cabeza. No est\u00e1 claro si son agentes de la polic\u00eda religiosa o unas ciudadanas ultraconservadoras. El velo es obligatorio en Ir\u00e1n para todas las mujeres mayores de nueve a\u00f1os, iran\u00edes o extranjeras, musulmanas o de cualquier otra religi\u00f3n, pero un creciente n\u00famero de ellas cuestionan una imposici\u00f3n que es, ante todo, pol\u00edtica. Y en esta ocasi\u00f3n alguien grab\u00f3 la escena que se ha hecho viral.<\/p>\n<p>&nbsp;<\/p>\n<p>La joven, que lleva un pa\u00f1uelo colgado del cuello, se encara con las zelotes e incluso responde con una patada al comentario inaudible (y previsible insultante) de una ellas. Las mujeres, tal vez basiy\u00edes (o voluntarias isl\u00e1micas), se apartan sorprendidas por la reacci\u00f3n, no sin antes insultarla con un \u201c\u00a1perra!\u201d. Entonces, llega un empleado del metro con varios polic\u00edas. El v\u00eddeo, grabado desde el and\u00e9n de enfrente, no permite o\u00edr toda la conversaci\u00f3n, pero mientras el primero dice a las basiy\u00edes que no deber\u00edan haberse metido con la chica, los agentes hablan con ella y se ve c\u00f3mo \u00e9sta se coloca el pa\u00f1uelo sobre la cabeza y se va, sin que aparentemente sea detenida.<\/p>\n<p>&nbsp;<\/p>\n<p>\u201cEsta mujer est\u00e1 harta de la polic\u00eda moral, miren como las empuja. Estamos cansadas de que nos digan c\u00f3mo tenemos que vestirnos. Estamos hartas del hiyab [velo] obligatorio\u201d, tuite\u00f3 Masih Alinejad, la activista iran\u00ed que difundi\u00f3 las im\u00e1genes.<\/p>\n<p>&nbsp;<\/p>\n<p>A diferencia del pasado, cuando las iran\u00edes se achicaban al ser abordadas por vigilantes de la moral, un creciente n\u00famero de mujeres, en especial j\u00f3venes, plantan cara y ofrecen resistencia. El cambio viene alentado desde 2014 por la propia Alinejad, una periodista y feminista que, tras verse obligada a abandonar Ir\u00e1n, primero lanz\u00f3 la campa\u00f1a Mi libertad oculta, animando a sus compatriotas a fotografiarse sin velo, y luego ha estado tras la iniciativa Mi\u00e9rcoles Blancos (#\u0686\u0647\u0627\u0631\u0634\u0646\u0628\u0647 \u0647\u0627\u06cc \u0633\u0641\u06cc\u062f), que alcanz\u00f3 notoriedad tras la detenci\u00f3n de Vida Movahed el pasado enero.<\/p>\n<p>&nbsp;<\/p>\n<p>\u201cHoy en d\u00eda en Ir\u00e1n, hay una renovada confianza y coraje entre las mujeres para luchar contra sus opresores. Despu\u00e9s de 40 a\u00f1os, las iran\u00edes ya han aguantado suficiente que se les acose en las calles\u201d, comenta Alinejad en un correo electr\u00f3nico desde Nueva York, donde se ha establecido. La periodista, que admite que su campa\u00f1a ha dado una plataforma a esa batalla que se libra desde la imposici\u00f3n del hiyab tras la revoluci\u00f3n isl\u00e1mica, subraya tambi\u00e9n la ayuda que ha supuesto la generalizaci\u00f3n de los tel\u00e9fonos m\u00f3viles para enviar grabaciones de los incidentes.<\/p>\n<p>&nbsp;<\/p>\n<p>\u201cCuanto m\u00e1s se ven estos v\u00eddeos, m\u00e1s controversia y debate se suscita dentro del pa\u00eds\u201d, asegura. Por ello su \u00faltima iniciativa lleva la etiqueta Mi c\u00e1mara es mi arma (#\u062f\u0648\u0631\u0628\u06cc\u0646_\u0645\u0627_\u0627\u0633\u0644\u062d\u0647_\u0645\u0627). \u201cLa humillaci\u00f3n p\u00fablica de los funcionarios que acosan a las mujeres est\u00e1 creando miedo entre ellos, al tiempo que envalentona a sus v\u00edctimas. Lo especial de mi campa\u00f1a es que pone \u00e9nfasis en la gente com\u00fan de todos los rincones de Ir\u00e1n, d\u00e1ndoles una voz de la que han estado privados durante mucho tiempo\u201d, explica la activista.<\/p>\n<p>&nbsp;<\/p>\n<p>Hay numerosos ejemplos en sus canales de Twitter, Facebook y YouTube. Casos no faltan como se desprende que el a\u00f1o antes de su campa\u00f1a, la polic\u00eda hubiera detenido y advertido o enviado al juez a 3,6 millones de mujeres por \u201chiyab inadecuado\u201d, un delito que incluye llevar un pa\u00f1uelo que no cubra completamente el cuero cabelludo y el cuello. En 2016, el Gobierno iran\u00ed destin\u00f3 el equivalente a 1.450 millones de euros para \u201cla protecci\u00f3n del hiyab\u201d, frente a los 42 millones que dedico al medioambiente.<\/p>\n<p>&nbsp;<\/p>\n<p>Alinejad, que acaba de publicar The Wind in my Hair donde relata su lucha por la libertad en Ir\u00e1n, no esperaba que sus iniciativas se convirtieran en \u201csemejante dolor de cabeza para las autoridades, incluido el l\u00edder supremo\u201d. Y eso a pesar de ser muy consciente del profundo descontento de las iran\u00edes contra el patriarcado. \u201cSiempre he luchado en su contra desde muy temprana edad, como hija, estudiante y periodista que no se callaba\u201d, resume esperanzada.<\/p>\n","protected":false},"excerpt":{"rendered":"<p>Tel\u00e9fonos m\u00f3viles y redes sociales ayudan a denunciar el acoso al que est\u00e1n sometidas por la polic\u00eda de la moral y ciudadanas ultraconservadoras &nbsp; &nbsp; &nbsp; &nbsp; &nbsp; &#8220;Me visto como quiero. No es asunto de ustedes\u201d, grita una joven llamando la atenci\u00f3n de los pasajeros que en ese momento se encuentran en la estaci\u00f3n de metro de Darvazeh Dowlat de Teher\u00e1n. Frente a ella, tres mujeres que, al parecer, le han pedido que se cubra la cabeza. No est\u00e1 claro si son agentes de la polic\u00eda religiosa o unas&#8230;<\/p>\n","protected":false},"author":3,"featured_media":28722,"comment_status":"closed","ping_status":"closed","sticky":false,"template":"","format":"standard","meta":[],"categories":[4],"tags":[],"_links":{"self":[{"href":"https:\/\/www.actualidadadiario.com\/index.php\/wp-json\/wp\/v2\/posts\/28721"}],"collection":[{"href":"https:\/\/www.actualidadadiario.com\/index.php\/wp-json\/wp\/v2\/posts"}],"about":[{"href":"https:\/\/www.actualidadadiario.com\/index.php\/wp-json\/wp\/v2\/types\/post"}],"author":[{"embeddable":true,"href":"https:\/\/www.actualidadadiario.com\/index.php\/wp-json\/wp\/v2\/users\/3"}],"replies":[{"embeddable":true,"href":"https:\/\/www.actualidadadiario.com\/index.php\/wp-json\/wp\/v2\/comments?post=28721"}],"version-history":[{"count":1,"href":"https:\/\/www.actualidadadiario.com\/index.php\/wp-json\/wp\/v2\/posts\/28721\/revisions"}],"predecessor-version":[{"id":28723,"href":"https:\/\/www.actualidadadiario.com\/index.php\/wp-json\/wp\/v2\/posts\/28721\/revisions\/28723"}],"wp:featuredmedia":[{"embeddable":true,"href":"https:\/\/www.actualidadadiario.com\/index.php\/wp-json\/wp\/v2\/media\/28722"}],"wp:attachment":[{"href":"https:\/\/www.actualidadadiario.com\/index.php\/wp-json\/wp\/v2\/media?parent=28721"}],"wp:term":[{"taxonomy":"category","embeddable":true,"href":"https:\/\/www.actualidadadiario.com\/index.php\/wp-json\/wp\/v2\/categories?post=28721"},{"taxonomy":"post_tag","embeddable":true,"href":"https:\/\/www.actualidadadiario.com\/index.php\/wp-json\/wp\/v2\/tags?post=28721"}],"curies":[{"name":"wp","href":"https:\/\/api.w.org\/{rel}","templated":true}]}}