{"id":28715,"date":"2018-06-18T10:26:07","date_gmt":"2018-06-18T13:26:07","guid":{"rendered":"https:\/\/www.actualidadadiario.com\/?p=28715"},"modified":"2018-11-06T19:43:44","modified_gmt":"2018-11-06T22:43:44","slug":"se-esperan-mas-cambios-dentro-del-gabinete-y-reduccion-de-ministerios","status":"publish","type":"post","link":"https:\/\/www.actualidadadiario.com\/index.php\/2018\/06\/18\/se-esperan-mas-cambios-dentro-del-gabinete-y-reduccion-de-ministerios\/","title":{"rendered":"Se esperan m\u00e1s cambios dentro del Gabinete y reducci\u00f3n de ministerios"},"content":{"rendered":"<p><em><strong>Primero fue, el jueves por la tarde, Federico Sturzenegger, quien dej\u00f3 su cargo como presidente del Banco Central. El s\u00e1bado, apenas 48 horas despu\u00e9s, se confirm\u00f3 la destituci\u00f3n de los ministros Francisco Cabrera, de Producci\u00f3n, y Juan Jos\u00e9 Aranguren, de Energ\u00eda, y a Dante Sica y Javier Iguacel, respectivamente, como sus reemplazos. \u00bfQui\u00e9n ser\u00e1 el pr\u00f3ximo?, es la pregunta que se escucha en varios ministerios por estas horas<\/strong><\/em><\/p>\n<p>&nbsp;<\/p>\n<p>&nbsp;<\/p>\n<p>&nbsp;<\/p>\n<p>Si Mauricio Macri cancel\u00f3 ayer su viaje a Asunci\u00f3n para participar de la cumbre del Mercosur, mucho tuvo que ver el espeso clima pol\u00edtico y econ\u00f3mico de los \u00faltimos d\u00edas. Por eso, en Casa Rosada admiten que las novedades seguir\u00e1n esta semana y que, tras el recambio de buena parte de las autoridades del Gabinete econ\u00f3mico, se viene un anunciado recorte de ministerios, que perder\u00e1n el rango y pasar\u00e1n a ser secretar\u00edas. Ello, adem\u00e1s, podr\u00eda derivar tambi\u00e9n en un recambio de autoridades.<\/p>\n<p>&nbsp;<\/p>\n<p>La sangr\u00eda de funcionarios no repercuti\u00f3 todav\u00eda en la reducci\u00f3n de carteras. Pero se dar\u00e1 en el corto plazo, tal como sucedi\u00f3 con Finanzas, absorbido por Hacienda, a cargo del ascendente Nicol\u00e1s Dujovne. Turismo, Ambiente y Cultura, tres de los presupuestos m\u00e1s bajos, podr\u00edan seguir esa misma suerte, al igual que Agroindustria. Fuentes ejecutivas sostienen que Modernizaci\u00f3n, en principio, continuar\u00eda manteniendo el r\u00f3tulo, ya que desde all\u00ed es donde se ejecuta el recorte de cargos estatales que en Cambiemos consideran vital para lograr reducir el d\u00e9ficit fiscal. &#8220;Como secretar\u00eda tambi\u00e9n podr\u00eda cumplir la misma funci\u00f3n&#8221;, argumentan otros.<\/p>\n<p>&nbsp;<\/p>\n<p>Otra duda es qu\u00e9 suceder\u00e1 con Seguridad y Defensa. En la \u00faltima semana circul\u00f3 la posibilidad de que Patricia Bullrich se hiciera cargo de las dos carteras, que se unificar\u00edan. Desde el Gobierno, no obstante, no lo ratificaron, as\u00ed como tampoco la versi\u00f3n de que Seguridad pudiera unificarse con Justicia, a cargo de Germ\u00e1n Garavano. Carolina Stanley, adem\u00e1s, podr\u00eda sumar poder si se adhieren a Desarrollo Social, un ministerio clave como Salud, u otros &#8220;prescindibles&#8221; como los citados Cultura y Ambiente, adem\u00e1s de Ciencia y Tecnolog\u00eda.<\/p>\n<p>&nbsp;<\/p>\n<p>Equipo corto es el que busca Macri, que de los 20 ministerios actuales pretende que queden 15, como m\u00e1ximo. Los tiempos en que se tomar\u00e1n esas decisiones depender\u00e1n, en gran medida, de los vaivenes pol\u00edticos y econ\u00f3micos de un Gobierno que, m\u00e1s que nunca, va planificando d\u00eda a d\u00eda.<\/p>\n","protected":false},"excerpt":{"rendered":"<p>Primero fue, el jueves por la tarde, Federico Sturzenegger, quien dej\u00f3 su cargo como presidente del Banco Central. El s\u00e1bado, apenas 48 horas despu\u00e9s, se confirm\u00f3 la destituci\u00f3n de los ministros Francisco Cabrera, de Producci\u00f3n, y Juan Jos\u00e9 Aranguren, de Energ\u00eda, y a Dante Sica y Javier Iguacel, respectivamente, como sus reemplazos. \u00bfQui\u00e9n ser\u00e1 el pr\u00f3ximo?, es la pregunta que se escucha en varios ministerios por estas horas &nbsp; &nbsp; &nbsp; Si Mauricio Macri cancel\u00f3 ayer su viaje a Asunci\u00f3n para participar de la cumbre del Mercosur, mucho tuvo que&#8230;<\/p>\n","protected":false},"author":3,"featured_media":28716,"comment_status":"closed","ping_status":"closed","sticky":false,"template":"","format":"standard","meta":[],"categories":[18],"tags":[],"_links":{"self":[{"href":"https:\/\/www.actualidadadiario.com\/index.php\/wp-json\/wp\/v2\/posts\/28715"}],"collection":[{"href":"https:\/\/www.actualidadadiario.com\/index.php\/wp-json\/wp\/v2\/posts"}],"about":[{"href":"https:\/\/www.actualidadadiario.com\/index.php\/wp-json\/wp\/v2\/types\/post"}],"author":[{"embeddable":true,"href":"https:\/\/www.actualidadadiario.com\/index.php\/wp-json\/wp\/v2\/users\/3"}],"replies":[{"embeddable":true,"href":"https:\/\/www.actualidadadiario.com\/index.php\/wp-json\/wp\/v2\/comments?post=28715"}],"version-history":[{"count":1,"href":"https:\/\/www.actualidadadiario.com\/index.php\/wp-json\/wp\/v2\/posts\/28715\/revisions"}],"predecessor-version":[{"id":28717,"href":"https:\/\/www.actualidadadiario.com\/index.php\/wp-json\/wp\/v2\/posts\/28715\/revisions\/28717"}],"wp:featuredmedia":[{"embeddable":true,"href":"https:\/\/www.actualidadadiario.com\/index.php\/wp-json\/wp\/v2\/media\/28716"}],"wp:attachment":[{"href":"https:\/\/www.actualidadadiario.com\/index.php\/wp-json\/wp\/v2\/media?parent=28715"}],"wp:term":[{"taxonomy":"category","embeddable":true,"href":"https:\/\/www.actualidadadiario.com\/index.php\/wp-json\/wp\/v2\/categories?post=28715"},{"taxonomy":"post_tag","embeddable":true,"href":"https:\/\/www.actualidadadiario.com\/index.php\/wp-json\/wp\/v2\/tags?post=28715"}],"curies":[{"name":"wp","href":"https:\/\/api.w.org\/{rel}","templated":true}]}}